{"id":27611,"date":"2025-08-05T13:58:48","date_gmt":"2025-08-05T11:58:48","guid":{"rendered":"https:\/\/flora.insure\/?p=27611"},"modified":"2025-08-05T13:58:48","modified_gmt":"2025-08-05T11:58:48","slug":"contestation-releves-demenagement","status":"publish","type":"post","link":"https:\/\/flora.insure\/fr\/blog\/contestation-releves-demenagement\/","title":{"rendered":"Contestation des relev\u00e9s lors d\u2019un d\u00e9m\u00e9nagement : quand et comment agir en cas d\u2019erreur"},"content":{"rendered":"<p style=\"font-weight: 400;\"><strong>La contestation de relev\u00e9s apr\u00e8s un d\u00e9m\u00e9nagement<\/strong> est une d\u00e9marche fr\u00e9quente lorsqu\u2019un relev\u00e9 de compteur semble incorrect au moment de quitter un logement. Des \u00e9carts entre la consommation r\u00e9elle et les chiffres transmis peuvent entra\u00eener des factures injustifi\u00e9es ou des conflits avec le propri\u00e9taire ou le fournisseur \ud83d\ude21 Comment contester un relev\u00e9 de gaz, d\u2019eau ou d\u2019\u00e9lectricit\u00e9 apr\u00e8s un d\u00e9m\u00e9nagement ? Pour \u00e9viter ce type de litige, il est essentiel de comprendre le r\u00f4le du relev\u00e9 de compteur, les erreurs possibles, et les d\u00e9marches \u00e0 suivre pour faire valoir tes droits en tant que locataire.<\/p>\n<h2 style=\"font-weight: 400;\"><strong>Pourquoi les relev\u00e9s de compteurs sont-ils cruciaux lors d\u2019un d\u00e9m\u00e9nagement ?<\/strong><\/h2>\n<p style=\"font-weight: 400;\">Le <strong>relev\u00e9 de compteur<\/strong> est une \u00e9tape essentielle lors d\u2019un <a href=\"https:\/\/flora.insure\/fr\/blog\/demenagement-transferer-contrat-assurance-habitation\/\">d\u00e9m\u00e9nagement<\/a>, particuli\u00e8rement en location.<\/p>\n<p style=\"font-weight: 400;\">Il s&rsquo;agit de noter pr\u00e9cis\u00e9ment les <strong>index des compteurs d\u2019eau \ud83d\udca7<\/strong>, de <strong>gaz \ud83d\udd25<\/strong> et d\u2019<strong>\u00e9lectricit\u00e9 \u26a1<\/strong> afin de d\u00e9terminer la consommation r\u00e9elle du locataire sortant.<\/p>\n<p style=\"font-weight: 400;\">Ce relev\u00e9 permet d\u2019\u00e9tablir une facture exacte et d\u2019\u00e9viter tout litige ult\u00e9rieur.<\/p>\n<h3 style=\"font-weight: 400;\"><strong>D\u00e9finition et r\u00f4le du relev\u00e9 de compteur <\/strong><\/h3>\n<p style=\"font-weight: 400;\">Le relev\u00e9 de compteur consiste \u00e0 enregistrer les chiffres affich\u00e9s sur les <strong>compteurs d\u2019\u00e9nergie<\/strong> au moment du <a href=\"https:\/\/flora.insure\/fr\/blog\/etat-des-lieux-la-check-list-ultime-pour-bien-se-preparer\/\"><strong>d\u00e9part du locataire<\/strong><\/a><strong> \ud83d\ude9a\ud83d\udce6<\/strong><\/p>\n<p style=\"font-weight: 400;\">Ces chiffres servent de base pour facturer la <a href=\"https:\/\/flora.insure\/fr\/blog\/diminuer-facture-electricite-colocation\/\"><strong>consommation d\u2019\u00e9nergie<\/strong><\/a> jusqu\u2019\u00e0 la fin du bail.<\/p>\n<p style=\"font-weight: 400;\">Sans relev\u00e9 pr\u00e9cis, le fournisseur peut estimer la consommation, ce qui peut entra\u00eener une facture erron\u00e9e, souvent au d\u00e9triment du locataire.<\/p>\n<h3 style=\"font-weight: 400;\"><strong>Qui effectue le relev\u00e9 ? <\/strong><\/h3>\n<p style=\"font-weight: 400;\">En r\u00e8gle g\u00e9n\u00e9rale, le relev\u00e9 peut \u00eatre effectu\u00e9 par le <a href=\"https:\/\/flora.insure\/fr\/blog\/quels-sont-les-droits-et-devoirs-du-locataire\/\"><strong>locataire,<\/strong><\/a> le <a href=\"https:\/\/flora.insure\/fr\/blog\/assurance-proprietaire-non-occupant-belgique\/\"><strong>propri\u00e9taire<\/strong><\/a>, un professionnel sp\u00e9cialis\u00e9 dans les <strong>\u00e9tats des lieux<\/strong> ou un <strong>agent immobilier<\/strong> lors de l\u2019\u00e9tat des lieux de sortie \ud83d\udd11<\/p>\n<p style=\"font-weight: 400;\">Il est fortement recommand\u00e9 que les deux parties soient pr\u00e9sentes pour valider ensemble le relev\u00e9 et signer le document, afin d\u2019\u00e9viter tout d\u00e9saccord.<\/p>\n<figure class=\"image strchf-type-image regular strchf-size-regular strchf-align-center\"><picture><source srcset=\"https:\/\/flora.insure\/wp-content\/uploads\/2025\/08\/compteur-electrique-demenagement.jpg 1x\" media=\"(max-width: 768px)\" \/><source srcset=\"https:\/\/flora.insure\/wp-content\/uploads\/2025\/08\/compteur-electrique-demenagement.jpg 1x\" media=\"(min-width: 769px)\" \/><img decoding=\"async\" src=\"https:\/\/flora.insure\/wp-content\/uploads\/2025\/08\/compteur-electrique-demenagement.jpg\" alt=\"Plusieurs compteurs \u00e9lectriques accroch\u00e9s au mur\" \/><\/picture><\/figure>\n<h3 style=\"font-weight: 400;\"><strong>Probl\u00e8mes potentiels li\u00e9s \u00e0 une mauvaise estimation <\/strong><\/h3>\n<p style=\"font-weight: 400;\">Une <strong>estimation<\/strong> ou un <strong>relev\u00e9 erron\u00e9<\/strong> peut entra\u00eener plusieurs probl\u00e8mes :<\/p>\n<ul style=\"font-weight: 400;\">\n<li><strong>Facturation injuste<\/strong> avec des montants trop \u00e9lev\u00e9s ou trop bas.<\/li>\n<li>Difficult\u00e9 \u00e0 prouver une <strong>consommation r\u00e9elle<\/strong> en cas de litige.<\/li>\n<li><strong>Retards<\/strong> dans la cl\u00f4ture des contrats d\u2019\u00e9nergie, g\u00e9n\u00e9rant des frais suppl\u00e9mentaires.<\/li>\n<li><strong>Conflits<\/strong> entre le locataire et le propri\u00e9taire lors de la <a href=\"https:\/\/flora.insure\/fr\/blog\/recuperer-garantie-locative\/\">restitution du d\u00e9p\u00f4t de garantie<\/a>.<\/li>\n<\/ul>\n<p style=\"font-weight: 400;\">Dans ce cas, une contestation du relev\u00e9 des compteurs devra \u00eatre faite.<\/p>\n<p style=\"font-weight: 400;\">Pour mieux comprendre les modalit\u00e9s de reprise des contrats d\u2019\u00e9nergie et la gestion des relev\u00e9s, tu peux consulter ce document officiel sur la<strong><a href=\"https:\/\/flora.insure\/fr\/blog\/demenagement-formulaire-reprise-electricite\/\"> reprise des \u00e9nergies<\/a> lors d\u2019un d\u00e9m\u00e9nagement<\/strong> qui d\u00e9taille les obligations et proc\u00e9dures \u00e0 suivre.<\/p>\n<h2><strong>Contestation de relev\u00e9s lors d\u2019un d\u00e9m\u00e9nagement : dans quels cas peut-on agir ?<\/strong><\/h2>\n<p style=\"font-weight: 400;\">Lors de ton <strong>d\u00e9part du logement<\/strong>, un <strong>relev\u00e9 de compteur<\/strong> est syst\u00e9matiquement effectu\u00e9 pour d\u00e9terminer pr\u00e9cis\u00e9ment ta consommation d\u2019\u00e9nergie jusqu\u2019\u00e0 la fin du bail.<\/p>\n<p style=\"font-weight: 400;\">Ce relev\u00e9 sert de base pour la facturation finale \ud83d\udcdd<\/p>\n<p style=\"font-weight: 400;\">Cependant, il arrive que des erreurs surviennent, que ce soit lors de la prise du relev\u00e9 par le fournisseur, le propri\u00e9taire, ou m\u00eame lors de l\u2019\u00e9tat des lieux de sortie.<\/p>\n<p style=\"font-weight: 400;\">La <strong>contestation relev\u00e9s compteurs lors d\u2019un d\u00e9m\u00e9nagement<\/strong> intervient donc principalement lorsque tu constates une <strong>incoh\u00e9rence<\/strong> entre le relev\u00e9 effectu\u00e9 au moment de ton d\u00e9part et ta consommation r\u00e9elle.<\/p>\n<p style=\"font-weight: 400;\">C\u2019est pour cette raison qu\u2019il est crucial d\u2019\u00eatre pr\u00e9sent lors du relev\u00e9 des compteurs \u00e0 l\u2019\u00e9tat des lieux de sortie, afin de valider ensemble les index relev\u00e9s et \u00e9viter tout litige.<\/p>\n<figure class=\"embed strchf-type-embed regular strchf-size-regular strchf-align-center\">\n<div class=\"embed-container\">\n<div style=\"max-width: 100%; position: relative; padding-top: 42.0833%;\"><iframe style=\"border: 0px; position: absolute; top: 0px; left: 0px; width: 100%; height: 100%;\" src=\"https:\/\/giphy.com\/embed\/qxCYGGPbQp3yj5aSsL\/twitter\/iframe\" width=\"480\" height=\"202\" frameborder=\"0\" scrolling=\"no\" allowfullscreen=\"allowfullscreen\"><\/iframe><\/div>\n<\/div>\n<\/figure>\n<h3 style=\"font-weight: 400;\"><strong>Relev\u00e9 absent, erron\u00e9 ou incoh\u00e9rent avec ta consommation habituelle<\/strong><\/h3>\n<p style=\"font-weight: 400;\">Si le <strong>relev\u00e9 de d\u00e9part<\/strong> est absent, ou si les chiffres not\u00e9s sont erron\u00e9s ou beaucoup plus \u00e9lev\u00e9s que ta consommation habituelle, tu peux contester ce relev\u00e9.<\/p>\n<p style=\"font-weight: 400;\">Parfois, les fournisseurs proc\u00e8dent \u00e0 une estimation plut\u00f4t qu\u2019\u00e0 un relev\u00e9 r\u00e9el, ce qui peut entra\u00eener une facture incorrecte \ud83d\ude13<\/p>\n<h3 style=\"font-weight: 400;\"><strong>Erreurs de communication entre toi, le propri\u00e9taire et les fournisseurs<\/strong><\/h3>\n<p style=\"font-weight: 400;\">Des erreurs peuvent aussi survenir dans la <strong>transmission des informations<\/strong> entre le locataire, le propri\u00e9taire et les fournisseurs d\u2019\u00e9nergie.<\/p>\n<p style=\"font-weight: 400;\">Un mauvais relev\u00e9 transmis peut engendrer une facture injustifi\u00e9e. Dans ces cas-l\u00e0, il est important d\u2019alerter rapidement toutes les parties concern\u00e9es pour demander une correction.<\/p>\n<h3 style=\"font-weight: 400;\"><strong>D\u00e9lai de contestation autoris\u00e9 apr\u00e8s ton d\u00e9part<\/strong><\/h3>\n<p style=\"font-weight: 400;\">Tu disposes d\u2019un d\u00e9lai de <a href=\"https:\/\/www.comparateur-energie.be\/blog\/vous-pouvez-contester-votre-facture-energetique-jusqua-12-mois-suivant-la-reception-comment-pouvez-vous-detecter-deventuelles-erreurs?referrer=https%3A%2F%2Fwww.google.com%2F\" target=\"_blank\" rel=\"noopener\"><strong>12 mois<\/strong><\/a> \u00e0 partir de la r\u00e9ception de la facture pour <strong>contester un relev\u00e9 de compteur erron\u00e9<\/strong> ou une facture d\u2019\u00e9nergie injustifi\u00e9e suite \u00e0 un d\u00e9m\u00e9nagement \u23f3<\/p>\n<p style=\"font-weight: 400;\">Il est cependant conseill\u00e9 d\u2019agir rapidement pour faciliter le traitement de ta demande.<\/p>\n<p style=\"font-weight: 400;\">En cas de litige, ton fournisseur doit r\u00e9pondre dans <a href=\"https:\/\/www.droitsquotidiens.be\/fr\/question\/que-faire-si-je-ne-suis-pas-daccord-avec-mes-factures-de-gaz-et-delectricite-wallonie\" target=\"_blank\" rel=\"noopener\">un d\u00e9lai de 10 \u00e0 15 jours ouvrables<\/a>. Si la r\u00e9ponse n\u2019est pas satisfaisante, tu peux faire appel au service de m\u00e9diation de l\u2019\u00e9nergie pour r\u00e9soudre le probl\u00e8me \u00e0 l\u2019amiable.<\/p>\n<figure class=\"image strchf-type-image regular strchf-size-regular strchf-align-center\"><picture><source srcset=\"https:\/\/flora.insure\/wp-content\/uploads\/2025\/08\/litige-compteur-demenagement.jpg 1x\" media=\"(max-width: 768px)\" \/><source srcset=\"https:\/\/flora.insure\/wp-content\/uploads\/2025\/08\/litige-compteur-demenagement.jpg 1x\" media=\"(min-width: 769px)\" \/><img decoding=\"async\" src=\"https:\/\/flora.insure\/wp-content\/uploads\/2025\/08\/litige-compteur-demenagement.jpg\" alt=\"Homme s'arrache les cheveux de rage devant son ordinateur\" \/><\/picture><\/figure>\n<h2 style=\"font-weight: 400;\"><strong>Comment contester un relev\u00e9 de compteur en location ?<\/strong><\/h2>\n<p style=\"font-weight: 400;\">Si tu constates une erreur ou une incoh\u00e9rence dans le relev\u00e9 de compteur \u00e0 la fin de ton bail, tu peux engager une <strong>contestation de relev\u00e9s lors d\u2019un d\u00e9m\u00e9nagement<\/strong> pour \u00e9viter une facturation injuste.<\/p>\n<p style=\"font-weight: 400;\">Voici la d\u00e9marche \u00e0 suivre \ud83d\udc47<\/p>\n<h3 style=\"font-weight: 400;\"><strong>\u00c9tapes de v\u00e9rification avant de contester<\/strong><\/h3>\n<ul style=\"font-weight: 400;\">\n<li>Prends une<strong> photo <\/strong>dat\u00e9e du<strong> compteur<\/strong> au moment de ton d\u00e9part pour avoir une preuve solide.<\/li>\n<li>Compare la <strong>consommation relev\u00e9e<\/strong> avec tes factures pr\u00e9c\u00e9dentes pour d\u00e9tecter une anomalie \u00e9ventuelle.<\/li>\n<li>V\u00e9rifie que le <strong>relev\u00e9 <\/strong>figurant sur l\u2019<strong>\u00e9tat des lieux de sortie<\/strong> a bien \u00e9t\u00e9 sign\u00e9 par toi et le propri\u00e9taire ou l\u2019agent immobilier.<\/li>\n<\/ul>\n<h3 style=\"font-weight: 400;\"><strong>Pi\u00e8ces justificatives \u00e0 fournir<\/strong><\/h3>\n<p style=\"font-weight: 400;\">Pour appuyer ta contestation, pr\u00e9pare :<\/p>\n<ul style=\"font-weight: 400;\">\n<li>Des <strong>photos <\/strong>dat\u00e9es du compteur prises lors de ton d\u00e9part \ud83d\udcf7<\/li>\n<li>Des copies des <strong>factures pr\u00e9c\u00e9dentes<\/strong> pour comparer ta consommation \ud83d\udcc4<\/li>\n<li>L\u2019<strong><a href=\"https:\/\/flora.insure\/fr\/blog\/etat-des-lieux-la-check-list-ultime-pour-bien-se-preparer\/\">\u00e9tat des lieux de sortie<\/a> sign\u00e9<\/strong> o\u00f9 le relev\u00e9 est mentionn\u00e9 \u270d\ufe0f<\/li>\n<li>Toute <strong>correspondance ou preuve de communication<\/strong> avec le fournisseur d\u2019\u00e9nergie \ud83d\udcac<\/li>\n<\/ul>\n<h3 style=\"font-weight: 400;\"><strong>Contacte ton fournisseur d\u2019\u00e9nergie<\/strong><\/h3>\n<p style=\"font-weight: 400;\">Ton fournisseur est ton premier interlocuteur.<\/p>\n<p style=\"font-weight: 400;\">Connecte-toi \u00e0 ton espace client ou contacte-le directement.<\/p>\n<p style=\"font-weight: 400;\">Explique ta <strong>contestation<\/strong> en joignant tes preuves (photos, \u00e9tat des lieux, factures).<\/p>\n<p style=\"font-weight: 400;\">Le fournisseur pourra v\u00e9rifier les donn\u00e9es et, si besoin, transmettre ta demande au gestionnaire de r\u00e9seau.<\/p>\n<h3 style=\"font-weight: 400;\"><strong>Contacte le gestionnaire de r\u00e9seau local<\/strong><\/h3>\n<p style=\"font-weight: 400;\">Le <strong>gestionnaire de r\u00e9seau<\/strong> (<a href=\"https:\/\/www.fluvius.be\/nl\" target=\"_blank\" rel=\"noopener\">Fluvius<\/a> en Flandre, <a href=\"https:\/\/www.ores.be\/particulier\/\">ORES<\/a>\/<a href=\"https:\/\/www.resa.be\/fr\/\" target=\"_blank\" rel=\"noopener\">RESA<\/a>\/<a href=\"https:\/\/www.rew.be\/\" target=\"_blank\" rel=\"noopener\">REW<\/a>\/<a href=\"https:\/\/www.aieg.be\/\" target=\"_blank\" rel=\"noopener\">AIEG<\/a>\/<a href=\"https:\/\/www.aiesh.be\/\" target=\"_blank\" rel=\"noopener\">AIESH<\/a> en Wallonie, <a href=\"https:\/\/www.sibelga.be\/fr\" target=\"_blank\" rel=\"noopener\">Sibelga<\/a> \u00e0 Bruxelles) est responsable de la gestion des relev\u00e9s.<\/p>\n<p style=\"font-weight: 400;\">Pour acc\u00e9l\u00e9rer la correction, contacte-le et envoie-lui le document officiel de transfert de compteurs.<\/p>\n<p style=\"font-weight: 400;\">Il peut aussi t\u2019aider \u00e0 v\u00e9rifier le fonctionnement de ton compteur et organiser une inspection si n\u00e9cessaire. Le gestionnaire mettra \u00e0 jour les donn\u00e9es corrig\u00e9es et les transmettra au fournisseur, qui recalculera ta facture.<\/p>\n<figure class=\"embed strchf-type-embed regular strchf-size-regular strchf-align-center\">\n<div class=\"embed-container\">\n<div style=\"max-width: 100%; position: relative; padding-top: 42.0833%;\"><iframe style=\"border: 0px; position: absolute; top: 0px; left: 0px; width: 100%; height: 100%;\" src=\"https:\/\/giphy.com\/embed\/sbI5Merh3wkc4sU0Zm\/twitter\/iframe\" width=\"480\" height=\"202\" frameborder=\"0\" scrolling=\"no\" allowfullscreen=\"allowfullscreen\"><\/iframe><\/div>\n<\/div>\n<\/figure>\n<h2 style=\"font-weight: 400;\"><strong>Litige persistant : quelles solutions possibles ?<\/strong><\/h2>\n<p style=\"font-weight: 400;\">Si malgr\u00e9 ta contestation, le d\u00e9saccord persiste avec ton fournisseur ou gestionnaire de r\u00e9seau, voici les recours possibles pour d\u00e9fendre tes droits.<\/p>\n<h3 style=\"font-weight: 400;\"><strong>Recours au m\u00e9diateur ou Ombudsman de l\u2019\u00e9nergie<\/strong><\/h3>\n<p style=\"font-weight: 400;\">En Belgique, tu peux saisir gratuitement le <strong>m\u00e9diateur de l\u2019\u00e9nergie<\/strong>, aussi appel\u00e9 l\u2019<a href=\"https:\/\/www.mediateurenergie.be\/fr\" target=\"_blank\" rel=\"noopener\">Ombudsman de l\u2019\u00e9nergie<\/a>. Ils sont en charge d\u2019examiner ton dossier et tentent de r\u00e9soudre le conflit \u00e0 l\u2019amiable.<\/p>\n<h3 style=\"font-weight: 400;\"><strong>Contact avec le Service public f\u00e9d\u00e9ral \u00c9conomie<\/strong><\/h3>\n<p style=\"font-weight: 400;\">Pour toute violation de tes droits en tant que consommateur, tu peux contacter le <strong>SPF \u00c9conomie<\/strong>, qui veille \u00e0 la protection des consommateurs et peut intervenir en cas de litige commercial.<\/p>\n<h3 style=\"font-weight: 400;\"><strong>Action judiciaire<\/strong><\/h3>\n<p style=\"font-weight: 400;\">En dernier recours, tu peux engager une action devant les<strong> tribunaux civils<\/strong> comp\u00e9tents pour faire valoir tes droits.<\/p>\n<figure class=\"embed strchf-type-embed regular strchf-size-regular strchf-align-center\">\n<div class=\"embed-container\">\n<div style=\"max-width: 100%; position: relative; padding-top: 42.0833%;\"><iframe style=\"border: 0px; position: absolute; top: 0px; left: 0px; width: 100%; height: 100%;\" src=\"https:\/\/giphy.com\/embed\/5pMGZHSqfvGT5mnTwx\/twitter\/iframe\" width=\"480\" height=\"202\" frameborder=\"0\" scrolling=\"no\" allowfullscreen=\"allowfullscreen\"><\/iframe><\/div>\n<\/div>\n<\/figure>\n<h2 style=\"font-weight: 400;\"><strong>\u00c9viter les litiges : bonnes pratiques pour le relev\u00e9 d\u2019un compteur lors d\u2019un d\u00e9m\u00e9nagement<\/strong><\/h2>\n<p style=\"font-weight: 400;\">Pour \u00e9viter toute contestation de relev\u00e9s lors d\u2019un d\u00e9m\u00e9nagement, il est essentiel d\u2019adopter quelques bonnes pratiques simples mais efficaces.<\/p>\n<ul>\n<li><strong>Fais un \u00e9tat des lieux complet avec photos<\/strong> : prends des photos dat\u00e9es du compteur et de toutes les installations au moment de ton d\u00e9part pour garder une trace visuelle pr\u00e9cise.<\/li>\n<li><strong>Veille \u00e0 ce que le relev\u00e9 soit contradictoire et sign\u00e9<\/strong> : le relev\u00e9 doit \u00eatre effectu\u00e9 en pr\u00e9sence du propri\u00e9taire ou de l\u2019agent immobilier, et sign\u00e9 par vous deux pour attester de son exactitude.<\/li>\n<li><strong>Archive toutes tes preuves<\/strong> : conserve soigneusement tous les documents, photos, \u00e9tats des lieux et \u00e9changes avec le fournisseur ou le gestionnaire de r\u00e9seau. Ces preuves pourront \u00eatre utiles en cas de litige.<\/li>\n<\/ul>\n<figure class=\"image strchf-type-image regular strchf-size-regular strchf-align-center\"><picture><source srcset=\"https:\/\/flora.insure\/wp-content\/uploads\/2025\/08\/contester-compteur-apres-demenagement.jpg 1x\" media=\"(max-width: 768px)\" \/><source srcset=\"https:\/\/flora.insure\/wp-content\/uploads\/2025\/08\/contester-compteur-apres-demenagement.jpg 1x\" media=\"(min-width: 769px)\" \/><\/picture><picture><img decoding=\"async\" src=\"https:\/\/flora.insure\/wp-content\/uploads\/2025\/08\/contester-compteur-apres-demenagement.jpg\" alt=\"Jeune couple discute avec leur agent immobilier\" \/><\/picture><\/figure>\n<p style=\"font-weight: 400;\">En fin de location, le relev\u00e9 des compteurs constitue une \u00e9tape cruciale pour garantir une facturation juste et \u00e9viter les litiges. En cas d\u2019erreur ou d\u2019estimation incorrecte, le locataire dispose de recours efficaces : v\u00e9rification des donn\u00e9es, contact avec le fournisseur, m\u00e9diation, voire action en justice. Anticiper ces d\u00e9marches, conserver des preuves et assurer une communication claire avec toutes les parties permet de limiter les risques. Si un d\u00e9saccord survient malgr\u00e9 tout, il est essentiel de conna\u00eetre tes droits et de ne pas h\u00e9siter \u00e0 engager une <strong>contestation des relev\u00e9s apr\u00e8s un d\u00e9m\u00e9nagement<\/strong> pour d\u00e9fendre tes int\u00e9r\u00eats.<\/p>\n","protected":false},"excerpt":{"rendered":"<p>\ud83d\udce6 Tu quittes ton logement ? Un relev\u00e9 de compteur erron\u00e9 peut te co\u00fbter cher \ud83d\ude21 D\u00e9couvre comment contester une facture injuste, rassembler les bonnes preuves, faire valoir tes droits en tant que locataire, et \u00e9viter tout litige avec ton proprio ou ton fournisseur.<\/p>\n","protected":false},"author":27,"featured_media":27643,"comment_status":"closed","ping_status":"open","sticky":false,"template":"","format":"standard","meta":{"_acf_changed":false,"_seopress_robots_primary_cat":"none","_seopress_titles_title":"Contestation de relev\u00e9s lors d\u2019un d\u00e9m\u00e9nagement : le guide","_seopress_titles_desc":"Contestation du relev\u00e9 lors d'un d\u00e9m\u00e9nagement : comment corriger une erreur, \u00e9viter une facture injuste et conna\u00eetre les d\u00e9marches, d\u00e9lais et recours.","_seopress_robots_index":"","footnotes":""},"categories":[133],"tags":[],"class_list":["post-27611","post","type-post","status-publish","format-standard","has-post-thumbnail","hentry","category-conseils-logement"],"acf":[],"_links":{"self":[{"href":"https:\/\/flora.insure\/fr\/wp-json\/wp\/v2\/posts\/27611","targetHints":{"allow":["GET"]}}],"collection":[{"href":"https:\/\/flora.insure\/fr\/wp-json\/wp\/v2\/posts"}],"about":[{"href":"https:\/\/flora.insure\/fr\/wp-json\/wp\/v2\/types\/post"}],"author":[{"embeddable":true,"href":"https:\/\/flora.insure\/fr\/wp-json\/wp\/v2\/users\/27"}],"replies":[{"embeddable":true,"href":"https:\/\/flora.insure\/fr\/wp-json\/wp\/v2\/comments?post=27611"}],"version-history":[{"count":0,"href":"https:\/\/flora.insure\/fr\/wp-json\/wp\/v2\/posts\/27611\/revisions"}],"wp:featuredmedia":[{"embeddable":true,"href":"https:\/\/flora.insure\/fr\/wp-json\/wp\/v2\/media\/27643"}],"wp:attachment":[{"href":"https:\/\/flora.insure\/fr\/wp-json\/wp\/v2\/media?parent=27611"}],"wp:term":[{"taxonomy":"category","embeddable":true,"href":"https:\/\/flora.insure\/fr\/wp-json\/wp\/v2\/categories?post=27611"},{"taxonomy":"post_tag","embeddable":true,"href":"https:\/\/flora.insure\/fr\/wp-json\/wp\/v2\/tags?post=27611"}],"curies":[{"name":"wp","href":"https:\/\/api.w.org\/{rel}","templated":true}]}}