{"id":27022,"date":"2025-06-04T12:36:27","date_gmt":"2025-06-04T10:36:27","guid":{"rendered":"https:\/\/flora.insure\/?p=27022"},"modified":"2025-07-18T15:18:16","modified_gmt":"2025-07-18T13:18:16","slug":"augmentation-abusive-charges-location","status":"publish","type":"post","link":"https:\/\/flora.insure\/fr\/blog\/augmentation-abusive-charges-location\/","title":{"rendered":"Augmentation abusive des charges en location : comment les identifier et r\u00e9agir ?"},"content":{"rendered":"<p>EEn Belgique, les charges locatives englobent l\u2019ensemble des frais li\u00e9s \u00e0 l\u2019usage courant d\u2019un logement, en plus du loyer. L\u2019<strong>augmentation abusive de ces charges en location<\/strong> est souvent une source de tensions entre locataires et propri\u00e9taires.\u00a0Comprendre ce que recouvrent ces charges, quelles d\u00e9penses peuvent \u00eatre l\u00e9galement factur\u00e9es, et comment rep\u00e9rer une hausse injustifi\u00e9e est essentiel pour \u00e9viter les mauvaises surprises. Cet article te guide \u00e0 travers les r\u00e8gles en vigueur, les droits et devoirs de chacun, ainsi que les recours possibles en cas de conflit \ud83d\udca5<\/p>\n<h2>Qu\u2019entend-on par \u00ab\u00a0charges locatives\u00a0\u00bb en Belgique ?<\/h2>\n<p>En Belgique, les <strong>charges locatives<\/strong> regroupent l\u2019ensemble des frais li\u00e9s \u00e0 l\u2019<strong>usage quotidien du logement<\/strong>, en plus du loyer \ud83c\udfe0<br \/>\nElles peuvent couvrir des <strong>consommations<\/strong> (\u00e9nergie, eau\u2026), l\u2019entretien des <strong>parties communes<\/strong>, ou encore certains <strong>services collectifs<\/strong>.<br \/>\nCes charges peuvent \u00eatre :<\/p>\n<ul>\n<li><strong>Individuelles<\/strong>, r\u00e9gl\u00e9es directement par le locataire \u00e0 ses fournisseurs via des contrats \u00e0 son nom (ex. : <a href=\"https:\/\/flora.insure\/fr\/blog\/diminuer-facture-electricite-colocation\/\">\u00e9lectricit\u00e9<\/a>, internet) \u26a1 ;<\/li>\n<li><strong>Ou incluses dans le loyer<\/strong>, sous forme de <strong>forfait<\/strong> ou de <strong>provision mensuelle avec r\u00e9gularisation annuelle<\/strong>. Ce syst\u00e8me est courant dans les <a href=\"https:\/\/flora.insure\/fr\/blog\/diminuer-facture-electricite-colocation\/\">colocations<\/a>, <a href=\"https:\/\/flora.insure\/fr\/blog\/charges-locatives-bien-meuble\/\">logements meubl\u00e9s<\/a> ou <a href=\"https:\/\/flora.insure\/fr\/blog\/assurance-habitation-colocation-etudiants\/\">baux \u00e9tudiants<\/a> \u2014 on parle alors de <strong>\u201cloyer charges comprises\u201d<\/strong>.<\/li>\n<\/ul>\n<figure class=\"image strchf-type-image regular strchf-size-regular strchf-align-center\"><picture><source srcset=\"https:\/\/flora.insure\/wp-content\/uploads\/2025\/06\/facture-electricite-charges-locatives.jpg 1x\" media=\"(max-width: 768px)\" \/><\/picture><picture><source srcset=\"https:\/\/flora.insure\/wp-content\/uploads\/2025\/06\/facture-electricite-charges-locatives.jpg 1x\" media=\"(min-width: 769px)\" \/><\/picture><picture><img decoding=\"async\" src=\"https:\/\/flora.insure\/wp-content\/uploads\/2025\/06\/facture-electricite-charges-locatives.jpg\" alt=\"Deux personnes pointent leur doigt sur une facture\" \/><\/picture><\/figure>\n<h3>R\u00e9partition des charges locatives : qui paie quoi ?<\/h3>\n<p>Le locataire doit assumer toutes les<strong> d\u00e9penses<\/strong> li\u00e9es \u00e0 son usage courant du <strong>logement<\/strong>, que ce soit dans son espace privatif ou dans les parties communes.<br \/>\nCela inclut notamment :<\/p>\n<h4>\u2705 \u00c0 charge du locataire<\/h4>\n<p>Ce sont les co\u00fbts li\u00e9s \u00e0 l\u2019<strong>usage du logement<\/strong> et des <strong>parties communes<\/strong>.<\/p>\n<p>Exemples :<\/p>\n<ul>\n<li>Entretien courant : <strong>nettoyage<\/strong>, <strong>jardinage<\/strong>, <strong>ascenseur<\/strong>, etc.<\/li>\n<li>Consommations individuelles ou collectives : <a href=\"https:\/\/flora.insure\/fr\/blog\/entretien-chaudiere-belgique\/\"><strong>chauffage<\/strong><\/a>, <strong>eau<\/strong>, <a href=\"https:\/\/flora.insure\/fr\/blog\/baisser-facture-electricite\/\"><strong>\u00e9lectricit\u00e9<\/strong><\/a>,<strong> internet<\/strong><\/li>\n<li>Services li\u00e9s \u00e0 l\u2019<strong>immeuble<\/strong> : conciergerie, gestion des d\u00e9chets, entretien des \u00e9quipements techniques.<\/li>\n<li><strong>Entretien courant<\/strong> du logement (dans les limites pr\u00e9vues par le bail).<\/li>\n<\/ul>\n<p>Lorsqu\u2019elles sont incluses dans le loyer, certaines de ces charges prennent souvent la forme de <strong>provisions mensuelles<\/strong>, qui peuvent \u00eatre <strong>r\u00e9gularis\u00e9es <\/strong>une fois par an sur base des d\u00e9penses r\u00e9elles.<\/p>\n<h4>\ud83d\udeab \u00c0 charge du propri\u00e9taire<\/h4>\n<p>Le propri\u00e9taire, de son c\u00f4t\u00e9, assume tous les frais li\u00e9s \u00e0 la <strong>structure<\/strong> et \u00e0 la <strong>valorisation du bien<\/strong>, notamment :<\/p>\n<ul>\n<li>Travaux de <strong>r\u00e9novation<\/strong> importants (toiture, fa\u00e7ade, isolation, etc.) ;<\/li>\n<li>R\u00e9parations<strong> structurelles<\/strong> ou <strong>mises en conformit\u00e9<\/strong> ;<\/li>\n<li><strong>Taxes<\/strong> et <strong>imp\u00f4ts<\/strong> li\u00e9s \u00e0 la propri\u00e9t\u00e9 (ex. : pr\u00e9compte immobilier) ;<\/li>\n<li><a href=\"https:\/\/flora.insure\/fr\/blog\/assurance-proprietaire-non-occupant-belgique\/\"><strong>Assurances<\/strong><\/a> li\u00e9es au b\u00e2timent.<\/li>\n<\/ul>\n<p>Il ne peut pas transf\u00e9rer ces frais au locataire, m\u00eame partiellement \u274c<\/p>\n<figure class=\"embed strchf-type-embed regular strchf-size-regular strchf-align-center\">\n<div class=\"embed-container\">\n<div style=\"max-width: 100%; position: relative; padding-top: 42.0833%;\"><iframe style=\"border: 0px; position: absolute; top: 0px; left: 0px; width: 100%; height: 100%;\" src=\"https:\/\/giphy.com\/embed\/Yycc82XEuWDaLLi2GV\/twitter\/iframe\" width=\"480\" height=\"202\" frameborder=\"0\" scrolling=\"no\" allowfullscreen=\"allowfullscreen\"><\/iframe><\/div>\n<\/div>\n<\/figure>\n<h3>Ce que le bailleur peut l\u00e9galement facturer<\/h3>\n<p>Le propri\u00e9taire peut exiger certaines charges, \u00e0 condition qu\u2019elles soient<strong> justifi\u00e9es<\/strong> et mentionn\u00e9es dans le<strong> bail<\/strong>.<\/p>\n<p>Cela varie l\u00e9g\u00e8rement selon les R\u00e9gions (Bruxelles, Wallonie, Flandre), mais les principes restent similaires.<\/p>\n<p>Il peut facturer :<\/p>\n<ul>\n<li>La <strong>consommation personnelle<\/strong> (eau, gaz, \u00e9lectricit\u00e9, chauffage\u2026) ;<\/li>\n<li>L\u2019<strong>entretien<\/strong> et les services li\u00e9s aux <strong>parties communes<\/strong> (nettoyage, \u00e9lectricit\u00e9, ascenseur\u2026) ;<\/li>\n<li>Certains <strong>frais de copropri\u00e9t\u00e9<\/strong>, \u00e0 condition qu\u2019ils correspondent \u00e0 l\u2019usage du<strong> locataire<\/strong>.<\/li>\n<\/ul>\n<p>\u274c Il ne peut pas facturer :<\/p>\n<ul>\n<li>Des travaux de r\u00e9novation ou de mise en conformit\u00e9 ;<\/li>\n<li>Les taxes ou imp\u00f4ts li\u00e9s \u00e0 la propri\u00e9t\u00e9 (ex. : pr\u00e9compte immobilier) ;<\/li>\n<li>Les assurances du b\u00e2timent ;<\/li>\n<li>Les honoraires du syndic professionnel, sauf si cela est explicitement pr\u00e9vu dans le <strong>bail <\/strong>et justifi\u00e9.<\/li>\n<\/ul>\n<h3>Exemples concrets de charges locatives r\u00e9cup\u00e9rables par le propri\u00e9taire<\/h3>\n<p>Voici des exemples typiques de <strong>charges<\/strong> que le propri\u00e9taire peut l\u00e9galement refacturer au locataire :<\/p>\n<ul>\n<li>Eau \ud83d\udca7 ou \u00e9lectricit\u00e9 \ud83d\udca1 consomm\u00e9e via un <strong>compteur individuel<\/strong> ou <strong>collectif<\/strong> ;<\/li>\n<li><strong>Chauffage central \ud83d\udd25<\/strong> (gaz, mazout) selon la consommation r\u00e9elle ou estim\u00e9e ;<\/li>\n<li><strong>Nettoyage<\/strong> \ud83e\uddf9 hebdomadaire des parties communes ;<\/li>\n<li><strong>Entretien<\/strong> de l\u2019ascenseur \ud83d\uded7, de la chaudi\u00e8re, des extincteurs, etc.<\/li>\n<\/ul>\n<p>\ud83d\udc49 Ces frais doivent \u00eatre <strong>transparents<\/strong>, <strong>v\u00e9rifiables<\/strong> et li\u00e9s \u00e0 l\u2019<strong>usage <\/strong>r\u00e9el du<strong> locataire<\/strong>. En cas de doute, le propri\u00e9taire doit fournir des <strong>justificatifs<\/strong> (factures, d\u00e9comptes, relev\u00e9s).<\/p>\n<figure class=\"image strchf-type-image regular strchf-size-regular strchf-align-center\"><picture><source srcset=\"https:\/\/flora.insure\/wp-content\/uploads\/2025\/06\/entretien-ascenseur-charges-locatives.jpg 1x\" media=\"(max-width: 768px)\" \/><\/picture><picture><source srcset=\"https:\/\/flora.insure\/wp-content\/uploads\/2025\/06\/entretien-ascenseur-charges-locatives.jpg 1x\" media=\"(min-width: 769px)\" \/><\/picture><picture><img decoding=\"async\" src=\"https:\/\/flora.insure\/wp-content\/uploads\/2025\/06\/entretien-ascenseur-charges-locatives.jpg\" alt=\"Ouvrier fait l'entretien d'un ascenseur\" \/><\/picture><\/figure>\n<h2><strong>Augmentation abusive des charges en location : comment la rep\u00e9rer ?<\/strong><\/h2>\n<p>Dans une location, notamment lorsque les charges (eau, chauffage, \u00e9lectricit\u00e9\u2026) sont incluses dans le loyer, il peut \u00eatre difficile pour le locataire de v\u00e9rifier les montants r\u00e9els.<\/p>\n<p>Une <strong>augmentation soudaine<\/strong> du forfait ou des provisions, sans explication claire, peut cacher une <strong><a href=\"https:\/\/flora.insure\/fr\/blog\/charges-locatives-guide-pratique-estimation\/\">augmentation abusive des charges en location<\/a><\/strong>.<\/p>\n<h3>Hausse justifi\u00e9e ou abusive : comment faire la diff\u00e9rence ?<\/h3>\n<p>Une <strong>augmentation<\/strong> <strong>justifi\u00e9e<\/strong> repose sur des \u00e9l\u00e9ments concrets et v\u00e9rifiables, comme \ud83d\udcc8 :<\/p>\n<ul>\n<li>Une <strong>hausse des tarifs<\/strong> de l\u2019\u00e9nergie, de l\u2019eau ou des services collectifs,<\/li>\n<li>Une <strong>indexation annuelle<\/strong> pr\u00e9vue dans le contrat de bail,<\/li>\n<li>Des <strong>co\u00fbts exceptionnels<\/strong> av\u00e9r\u00e9s (ex. : panne ou remplacement d\u2019une chaudi\u00e8re collective).<\/li>\n<\/ul>\n<p>En revanche, une <strong>augmentation abusive des charges en location<\/strong> se manifeste souvent par :<\/p>\n<ul>\n<li>L\u2019<strong>absence<\/strong> de justificatifs (factures, d\u00e9compte),<\/li>\n<li>Des <strong>frais non pr\u00e9vus<\/strong> au bail ou non r\u00e9cup\u00e9rables,<\/li>\n<li>Une <strong>mauvaise r\u00e9partition<\/strong> entre locataires (notamment en colocation ou en copropri\u00e9t\u00e9),<\/li>\n<li>Un manque de transparence ou des calculs flous.<\/li>\n<\/ul>\n<figure class=\"embed strchf-type-embed regular strchf-size-regular strchf-align-center\">\n<div class=\"embed-container\">\n<div style=\"max-width: 100%; position: relative; padding-top: 42.0833%;\"><iframe style=\"border: 0px; position: absolute; top: 0px; left: 0px; width: 100%; height: 100%;\" src=\"https:\/\/giphy.com\/embed\/10rsLtGrOcCR0s\/twitter\/iframe\" width=\"480\" height=\"202\" frameborder=\"0\" scrolling=\"no\" allowfullscreen=\"allowfullscreen\"><\/iframe><\/div>\n<\/div>\n<\/figure>\n<h3>Les signes qui doivent alerter<\/h3>\n<p>Plusieurs indices peuvent indiquer une pratique abusive \ud83d\udd0d :<\/p>\n<ul>\n<li><strong>Pas de justificatifs transmis<\/strong> : le bailleur doit fournir un d\u00e9compte d\u00e9taill\u00e9 accompagn\u00e9 des factures. En l\u2019absence de ces documents, la hausse peut \u00eatre contest\u00e9e.<\/li>\n<li><strong>Hausse brutale et inexpliqu\u00e9e<\/strong> : une augmentation forte, sans travaux r\u00e9cents, nouveaux services ou changement de contrat, est suspecte.<\/li>\n<li><strong>Incoh\u00e9rences dans le calcul<\/strong> : les chiffres ne correspondent pas \u00e0 la consommation r\u00e9elle, ou la r\u00e9partition entre locataires semble in\u00e9quitable (notamment en copropri\u00e9t\u00e9).<\/li>\n<li><strong>Facturation de frais non r\u00e9cup\u00e9rables<\/strong> : par exemple, l\u2019assurance incendie du b\u00e2timent, les travaux structurels ou les imp\u00f4ts fonciers, qui doivent rester \u00e0 la charge du propri\u00e9taire.<\/li>\n<\/ul>\n<h2><strong>Les justificatifs que le propri\u00e9taire doit fournir<\/strong><\/h2>\n<p>Pour qu&rsquo;une demande de paiement ou une hausse des charges locatives soit valable, le propri\u00e9taire doit obligatoirement fournir des <strong>justificatifs pr\u00e9cis<\/strong>.<\/p>\n<p>Sans preuves \u00e0 l\u2019appui, toute <strong>augmentation abusive des charges en location<\/strong> peut \u00eatre contest\u00e9e par le locataire.<\/p>\n<p>\ud83d\udccc Bon \u00e0 savoir : si, apr\u00e8s r\u00e9gularisation, les <strong>provisions vers\u00e9es<\/strong> par le locataire sont inf\u00e9rieures aux charges r\u00e9elles, le propri\u00e9taire est en droit de demander une <strong>augmentation des provisions mensuelles<\/strong> pour les aligner sur la consommation effective. Pour formaliser cette demande, le bailleur peut utiliser <a href=\"https:\/\/www.lebonbail.be\/modeles-de-documents\/demande-d-augmentation-des-provisions-pour-charges\" target=\"_blank\" rel=\"noopener\">ce mod\u00e8le.<\/a><\/p>\n<h3>Documents obligatoires \u00e0 transmettre<\/h3>\n<p>Chaque ann\u00e9e, le bailleur est tenu de remettre au locataire :<\/p>\n<ul>\n<li>Un <strong>d\u00e9compte d\u00e9taill\u00e9<\/strong> des charges r\u00e9elles ;<\/li>\n<li>Accompagn\u00e9 de <strong>copies de factures<\/strong> ou tout autre document permettant de v\u00e9rifier :\n<ul>\n<li>Les <strong>consommations individuelles<\/strong> : eau, gaz, \u00e9lectricit\u00e9, chauffage ;<\/li>\n<li>Les <strong>frais collectifs<\/strong> : nettoyage des parties communes, ascenseur, jardin, etc. ;<\/li>\n<li>Les <strong>frais de gestion ou d\u2019administration<\/strong>, si pr\u00e9vus dans le contrat de bail.<\/li>\n<\/ul>\n<\/li>\n<\/ul>\n<p>Cette obligation s\u2019applique \u00e0 tous types de baux : r\u00e9sidence principale, bail \u00e9tudiant, location meubl\u00e9e ou de courte dur\u00e9e.<\/p>\n<h3>Droit d\u2019acc\u00e8s du locataire aux documents<\/h3>\n<p>Le locataire dispose d\u2019un <strong>droit l\u00e9gal de consultation<\/strong> des pi\u00e8ces justificatives \ud83d\udc40<\/p>\n<ul>\n<li>Il peut <strong>consulter les originaux<\/strong> chez le bailleur ou au si\u00e8ge de la soci\u00e9t\u00e9 de gestion ;<\/li>\n<li>Il a le droit d\u2019en obtenir <strong>une copie<\/strong> (gratuite ou \u00e0 co\u00fbt raisonnable) ;<\/li>\n<li>Ce droit s\u2019exerce <strong>\u00e0 tout moment<\/strong> : avant, pendant ou apr\u00e8s la r\u00e9gularisation des charges.<\/li>\n<\/ul>\n<p>\u26a0\ufe0f Si le propri\u00e9taire refuse de transmettre ces documents, le locataire peut saisir le <a href=\"https:\/\/flora.insure\/fr\/blog\/expulser-locataire-bruyant\/\"><strong>juge de paix<\/strong><\/a> pour contester les montants.<\/p>\n<h3>Dur\u00e9e de conservation et d\u00e9lai de r\u00e9clamation<\/h3>\n<p>Le propri\u00e9taire est tenu de :<\/p>\n<ul>\n<li><strong>Conserver les justificatifs<\/strong> des charges locatives pour permettre au locataire de demander une v\u00e9rification m\u00eame plusieurs ann\u00e9es apr\u00e8s le paiement ;<\/li>\n<li>Respecter un <strong>d\u00e9lai l\u00e9gal de 5 ans<\/strong> pour <strong>r\u00e9clamer un solde de charges locatives non encore r\u00e9gularis\u00e9<\/strong>. Pass\u00e9 ce d\u00e9lai, aucune demande de r\u00e9gularisation ne peut \u00eatre l\u00e9galement impos\u00e9e.<\/li>\n<\/ul>\n<figure class=\"image strchf-type-image regular strchf-size-regular strchf-align-center\"><picture><source srcset=\"https:\/\/flora.insure\/wp-content\/uploads\/2025\/06\/factures-charges-locatives.jpg 1x\" media=\"(max-width: 768px)\" \/><source srcset=\"https:\/\/flora.insure\/wp-content\/uploads\/2025\/06\/factures-charges-locatives.jpg 1x\" media=\"(min-width: 769px)\" \/><\/picture><picture><img decoding=\"async\" src=\"https:\/\/flora.insure\/wp-content\/uploads\/2025\/06\/factures-charges-locatives.jpg\" alt=\"Documents de factures et calculatrice\" \/><\/picture><\/figure>\n<h2><strong>V\u00e9rifier le calcul et la r\u00e9partition des charges<\/strong><\/h2>\n<p>Pour \u00e9viter de subir une <strong>augmentation abusive des charges en location<\/strong>, il est essentiel que le locataire sache v\u00e9rifier les calculs et la <strong>r\u00e9partition<\/strong> des frais qui lui sont imput\u00e9s \ud83d\udcca<\/p>\n<p>M\u00eame lorsque les justificatifs sont fournis, une analyse attentive peut r\u00e9v\u00e9ler des erreurs ou des abus.<\/p>\n<h3>M\u00e9thodes simples pour v\u00e9rifier les montants<\/h3>\n<p>Avant tout, compare les <strong>montants annonc\u00e9s<\/strong> avec ceux figurant dans les factures ou les d\u00e9comptes :<\/p>\n<ul>\n<li><strong>Comparer les ann\u00e9es pr\u00e9c\u00e9dentes<\/strong> : une hausse significative doit \u00eatre expliqu\u00e9e.<\/li>\n<li><strong>Contr\u00f4ler les unit\u00e9s de mesure<\/strong> : pour l\u2019eau, l\u2019\u00e9lectricit\u00e9 ou le chauffage, v\u00e9rifie les compteurs individuels ou les relev\u00e9s de consommation.<\/li>\n<li><strong>V\u00e9rifier la correspondance entre forfaits et r\u00e9els<\/strong> : si tu paies un forfait, assure-toi qu\u2019il n\u2019est pas bien au-dessus des d\u00e9penses r\u00e9elles moyennes.<\/li>\n<\/ul>\n<p>\ud83d\udca1 Astuce : demande un tableau r\u00e9capitulatif par <strong>type de charge<\/strong> (entretien, \u00e9nergie, nettoyage\u2026) pour y voir plus clair.<\/p>\n<h3>Analyser les charges poste par poste<\/h3>\n<p>Une bonne pratique consiste \u00e0 examiner chaque poste de d\u00e9pense s\u00e9par\u00e9ment :<\/p>\n<ul>\n<li><strong>\u00c9lectricit\u00e9, eau, chauffage individuels<\/strong> : si tu paies ces charges via un forfait ou une provision au bailleur, v\u00e9rifie que les montants correspondent \u00e0 ta consommation r\u00e9elle. Demande les relev\u00e9s de compteurs, les factures d\u00e9taill\u00e9es ou les bases de calcul utilis\u00e9es.<\/li>\n<li><strong>\u00c9lectricit\u00e9 des communs<\/strong> : correspond-elle \u00e0 un usage raisonnable ?<\/li>\n<li><strong>Entretien<\/strong> : la fr\u00e9quence des nettoyages est-elle justifi\u00e9e ?<\/li>\n<li><strong>Syndic et gestion<\/strong> : sont-ils bien r\u00e9partis uniquement entre propri\u00e9taires (et non locataires) ?<\/li>\n<li><strong>Assurances<\/strong> : attention \u00e0 ne pas payer l\u2019<a href=\"https:\/\/flora.insure\/fr\/assurance-incendie\/\">assurance<\/a> du b\u00e2timent, \u00e0 la charge du bailleur.<\/li>\n<\/ul>\n<p>Si des frais semblent anormalement \u00e9lev\u00e9s, n\u2019h\u00e9site pas \u00e0 demander <strong>plus de pr\u00e9cisions<\/strong> ou des <strong>devis de comparaison<\/strong>.<\/p>\n<figure class=\"embed strchf-type-embed regular strchf-size-regular strchf-align-center\">\n<div class=\"embed-container\">\n<div style=\"max-width: 100%; position: relative; padding-top: 42.0833%;\"><iframe style=\"border: 0px; position: absolute; top: 0px; left: 0px; width: 100%; height: 100%;\" src=\"https:\/\/giphy.com\/embed\/Lk5BzpifzeI3KYm7n0\/twitter\/iframe\" width=\"480\" height=\"202\" frameborder=\"0\" scrolling=\"no\" allowfullscreen=\"allowfullscreen\"><\/iframe><\/div>\n<\/div>\n<\/figure>\n<h2><strong>Que faire en cas de d\u00e9saccord ?<\/strong><\/h2>\n<p>Face \u00e0 une <strong>augmentation abusive des charges en location<\/strong> ou \u00e0 un refus du bailleur de justifier les montants r\u00e9clam\u00e9s, le locataire dispose de plusieurs recours.<\/p>\n<p>Il est important de suivre une <strong>d\u00e9marche progressive<\/strong> : commencer par le dialogue, puis formaliser les \u00e9changes si n\u00e9cessaire.<\/p>\n<h3>\u00c9tapes \u00e0 suivre en cas de litige<\/h3>\n<ol>\n<li><strong>Dialogue informel \ud83d\udcac<\/strong><br \/>\nCommence par une <strong>discussion cordiale<\/strong> avec le propri\u00e9taire ou l\u2019agence. Souvent, un malentendu ou une simple erreur peut \u00eatre rapidement r\u00e9gl\u00e9.<\/li>\n<li><strong>Demande \u00e9crite (courrier ou mail) \ud83d\udcc4<\/strong><br \/>\nSi aucune r\u00e9ponse satisfaisante n\u2019est donn\u00e9e oralement, adresse une <strong>demande formelle<\/strong> de justification par \u00e9crit. Pr\u00e9cise les montants contest\u00e9s, les documents souhait\u00e9s et un d\u00e9lai de r\u00e9ponse raisonnable.<\/li>\n<li><strong>Lettre recommand\u00e9e de mise en demeure \u270d\ufe0f<\/strong><br \/>\nEn l\u2019absence de r\u00e9ponse ou en cas de refus, une <strong>mise en demeure<\/strong> en recommand\u00e9 permet de formaliser le d\u00e9saccord. Elle est souvent n\u00e9cessaire avant toute proc\u00e9dure judiciaire.<\/li>\n<li><strong>Recours \u00e0 une m\u00e9diation \ud83e\udd1d<\/strong><br \/>\nCertaines communes ou CPAS proposent des <strong>services de m\u00e9diation<\/strong> logement. Cette \u00e9tape permet d\u2019\u00e9viter le tribunal, \u00e0 condition que les deux parties soient pr\u00eates \u00e0 collaborer.<\/li>\n<li><strong>Saisie du juge de paix \ud83d\udc68\u200d\u2696\ufe0f<\/strong><br \/>\nSi le conflit persiste, le<strong> juge de paix<\/strong> comp\u00e9tent peut \u00eatre saisi. Il tranchera sur la base des preuves (d\u00e9comptes, factures, \u00e9changes \u00e9crits) et pourra ordonner une r\u00e9gularisation.<\/li>\n<\/ol>\n<h3>Coordonn\u00e9es et ressources utiles en Belgique<\/h3>\n<p>Voici quelques organismes pouvant t\u2019aider :<\/p>\n<ul>\n<li>Commissions paritaires locatives (dans certaines r\u00e9gions, comme <a href=\"https:\/\/be.brussels\/fr\/logement\/location\/bail-dhabitation\/commission-paritaire-locative\" target=\"_blank\" rel=\"noopener\">Bruxelles<\/a>)<\/li>\n<li>Syndicats de locataires : Union des locataires, <a href=\"https:\/\/syndicatdeslocataires.wordpress.com\/about\/\" target=\"_blank\" rel=\"noopener\">Syndicat des locataires<\/a>, etc.<\/li>\n<li><a href=\"https:\/\/www.maisonsdejustice.be\/\" target=\"_blank\" rel=\"noopener\">Maisons de justice<\/a> : proposent parfois une aide juridique gratuite.<\/li>\n<li>Service r\u00e9gional du logement : sp\u00e9cifique \u00e0 la <a href=\"https:\/\/www.wallonie.be\/fr\/demarches\/minformer-aupres-des-permanences-info-conseils-logement\" target=\"_blank\" rel=\"noopener\">Wallonie<\/a>, <a href=\"https:\/\/servicepublic.brussels\/bruxelles-logement\/\" target=\"_blank\" rel=\"noopener\">Bruxelles<\/a> ou la <a href=\"https:\/\/www.vlaanderen.be\/wonen-in-vlaanderen\" target=\"_blank\" rel=\"noopener\">Flandre<\/a>.<\/li>\n<\/ul>\n<p>\ud83d\udca1 Astuce : conserve une <strong>trace \u00e9crite de toutes les d\u00e9marches<\/strong>, m\u00eame informelles. Cela pourra servir en cas de proc\u00e9dure.<\/p>\n<figure class=\"image strchf-type-image regular strchf-size-regular strchf-align-center\"><picture><source srcset=\"https:\/\/flora.insure\/wp-content\/uploads\/2025\/06\/mediation-locataire-proprietaire-charges.jpg 1x\" media=\"(max-width: 768px)\" \/><source srcset=\"https:\/\/flora.insure\/wp-content\/uploads\/2025\/06\/mediation-locataire-proprietaire-charges.jpg 1x\" media=\"(min-width: 769px)\" \/><img decoding=\"async\" src=\"https:\/\/flora.insure\/wp-content\/uploads\/2025\/06\/mediation-locataire-proprietaire-charges.jpg\" alt=\"Deux personnes se serrent la main en m\u00e9diation\" \/><\/picture><\/figure>\n<h2><strong>Pr\u00e9venir les litiges futurs<\/strong><\/h2>\n<p>Pour \u00e9viter les mauvaises surprises et limiter les risques d\u2019<strong>augmentation abusive des charges en location<\/strong>, mieux vaut anticiper les points sensibles d\u00e8s la signature du bail.<\/p>\n<p>Une bonne pr\u00e9paration en amont et une gestion transparente tout au long de la location permettent d\u2019installer une relation saine entre locataire et propri\u00e9taire.<\/p>\n<h3>V\u00e9rifications \u00e0 faire avant de signer un bail<\/h3>\n<p>Avant de t\u2019engager, prends le temps de :<\/p>\n<ul>\n<li><strong>Demander une estimation des charges<\/strong> : le bailleur doit pouvoir te fournir une estimation r\u00e9aliste des charges mensuelles bas\u00e9es sur les ann\u00e9es pr\u00e9c\u00e9dentes.<\/li>\n<li><strong>Consulter les anciens d\u00e9comptes<\/strong> : si possible, consulte les relev\u00e9s de charges pr\u00e9c\u00e9dents pour identifier les postes importants ou les hausses fr\u00e9quentes.<\/li>\n<li><strong>Te renseigner sur le type de charges<\/strong> : s\u2019agit-il de charges r\u00e9elles (avec r\u00e9gularisation) ou d\u2019un forfait fixe ? Le traitement est diff\u00e9rent selon le type choisi.<\/li>\n<\/ul>\n<h3>Clauses importantes \u00e0 surveiller dans le bail<\/h3>\n<p>Certains \u00e9l\u00e9ments doivent figurer clairement dans le contrat pour \u00e9viter les flous juridiques :<\/p>\n<ul>\n<li><strong>La nature des charges<\/strong> (forfait vs provision) ;<\/li>\n<li><strong>Les modalit\u00e9s de r\u00e9gularisation<\/strong> (p\u00e9riodicit\u00e9, documents fournis) ;<\/li>\n<li><strong>Le d\u00e9tail des frais inclus<\/strong> : eau, \u00e9lectricit\u00e9, nettoyage, entretien,\u2026<\/li>\n<li><strong>La fr\u00e9quence et les modalit\u00e9s de r\u00e9vision des charges<\/strong>.<\/li>\n<\/ul>\n<p>Attention aux <strong>clauses abusives<\/strong> : par exemple, celles qui imposeraient des charges normalement \u00e0 la charge du propri\u00e9taire (ex. : r\u00e9parations structurelles) au locataire.<\/p>\n<h3>G\u00e9rer les hausses annuelles de mani\u00e8re transparente<\/h3>\n<p>Une hausse des charges n\u2019est pas ill\u00e9gale si elle refl\u00e8te une <strong>\u00e9volution r\u00e9elle des co\u00fbts<\/strong> (\u00e9nergie, entretien, indexation).<\/p>\n<p>Mais elle doit toujours \u00eatre :<\/p>\n<ul>\n<li><strong>justifi\u00e9e par des documents pr\u00e9cis<\/strong> ;<\/li>\n<li><strong>communiqu\u00e9e au locataire avant la r\u00e9gularisation<\/strong> ;<\/li>\n<li><strong>proportionn\u00e9e et compr\u00e9hensible<\/strong>.<\/li>\n<\/ul>\n<p>Le bailleur a tout int\u00e9r\u00eat \u00e0 <strong>expliquer clairement les variations<\/strong>, notamment via un tableau comparatif ou une lettre explicative. De son c\u00f4t\u00e9, le locataire peut demander des explications \u00e0 tout moment, voire faire appel \u00e0 une aide ext\u00e9rieure en cas de doute.<\/p>\n<p>\ud83e\udd1d Une communication claire d\u00e8s le d\u00e9but et un suivi rigoureux tout au long du bail sont les meilleurs moyens d\u2019\u00e9viter les conflits futurs.<\/p>\n<figure class=\"image strchf-type-image regular strchf-size-regular strchf-align-center\"><picture><source srcset=\"https:\/\/flora.insure\/wp-content\/uploads\/2025\/06\/augmentation-charges-locatives.jpg 1x\" media=\"(max-width: 768px)\" \/><source srcset=\"https:\/\/flora.insure\/wp-content\/uploads\/2025\/06\/augmentation-charges-locatives.jpg 1x\" media=\"(min-width: 769px)\" \/><\/picture><picture><img decoding=\"async\" src=\"https:\/\/flora.insure\/wp-content\/uploads\/2025\/06\/augmentation-charges-locatives.jpg\" alt=\"Main ajoute de la monnaie sur une pile de pi\u00e8ces\" \/><\/picture><\/figure>\n<p>En r\u00e9sum\u00e9, il est essentiel que locataires et propri\u00e9taires maintiennent un dialogue ouvert et transparent concernant les charges locatives. La bonne compr\u00e9hension des droits et obligations de chacun \u00e9vite bien des malentendus et prot\u00e8ge contre des pratiques injustes. En cas de doute, il ne faut pas h\u00e9siter \u00e0 demander des justificatifs ou \u00e0 recourir aux instances comp\u00e9tentes pour faire valoir ses droits. Ainsi, une gestion claire et \u00e9quitable favorise une relation de confiance durable entre les parties, limitant consid\u00e9rablement les risques d\u2019<strong>augmentation abusive des charges en location<\/strong>.<\/p>\n","protected":false},"excerpt":{"rendered":"<p>Comprendre les charges locatives en Belgique peut \u00eatre compliqu\u00e9, surtout quand une augmentation surprend. Apprends \u00e0 d\u00e9tecter une augmentation abusive des charges en location et \u00e0 agir efficacement pour prot\u00e9ger tes droits en tant que locataire \ud83d\udd11<\/p>\n","protected":false},"author":27,"featured_media":27067,"comment_status":"closed","ping_status":"open","sticky":false,"template":"","format":"standard","meta":{"_acf_changed":false,"_seopress_robots_primary_cat":"none","_seopress_titles_title":"Augmentation abusive des charges en location : que faire ?","_seopress_titles_desc":"Tout savoir sur les charges locatives en Belgique et comment \u00e9viter une augmentation abusive des charges en location.","_seopress_robots_index":"","footnotes":""},"categories":[130],"tags":[],"class_list":["post-27022","post","type-post","status-publish","format-standard","has-post-thumbnail","hentry","category-vie-en-location"],"acf":[],"_links":{"self":[{"href":"https:\/\/flora.insure\/fr\/wp-json\/wp\/v2\/posts\/27022","targetHints":{"allow":["GET"]}}],"collection":[{"href":"https:\/\/flora.insure\/fr\/wp-json\/wp\/v2\/posts"}],"about":[{"href":"https:\/\/flora.insure\/fr\/wp-json\/wp\/v2\/types\/post"}],"author":[{"embeddable":true,"href":"https:\/\/flora.insure\/fr\/wp-json\/wp\/v2\/users\/27"}],"replies":[{"embeddable":true,"href":"https:\/\/flora.insure\/fr\/wp-json\/wp\/v2\/comments?post=27022"}],"version-history":[{"count":0,"href":"https:\/\/flora.insure\/fr\/wp-json\/wp\/v2\/posts\/27022\/revisions"}],"wp:featuredmedia":[{"embeddable":true,"href":"https:\/\/flora.insure\/fr\/wp-json\/wp\/v2\/media\/27067"}],"wp:attachment":[{"href":"https:\/\/flora.insure\/fr\/wp-json\/wp\/v2\/media?parent=27022"}],"wp:term":[{"taxonomy":"category","embeddable":true,"href":"https:\/\/flora.insure\/fr\/wp-json\/wp\/v2\/categories?post=27022"},{"taxonomy":"post_tag","embeddable":true,"href":"https:\/\/flora.insure\/fr\/wp-json\/wp\/v2\/tags?post=27022"}],"curies":[{"name":"wp","href":"https:\/\/api.w.org\/{rel}","templated":true}]}}