{"id":2576,"date":"2020-11-20T09:46:37","date_gmt":"2020-11-20T08:46:37","guid":{"rendered":"https:\/\/flora.insure\/blog\/team-flora-assurance-anneline\/"},"modified":"2025-03-26T09:57:21","modified_gmt":"2025-03-26T08:57:21","slug":"team-flora-assurance-anneline","status":"publish","type":"post","link":"https:\/\/flora.insure\/fr\/blog\/team-flora-assurance-anneline\/","title":{"rendered":"4 minutes 13 avec Anneline de la #TeamFlora"},"content":{"rendered":"<p><strong>D\u00e9couvre Anneline, notre Digital Copywriter et Marketer ! Anneline, c\u2019est la derni\u00e8re recrue de de la #TeamFlora ! Elle t\u2019explique ce qui l\u2019a motiv\u00e9e \u00e0 nous rejoindre et en quoi consiste son job. \ud83e\udd13 Mais ce n\u2019est pas tout ! Dans cette interview, tu d\u00e9couvriras aussi un aper\u00e7u de ses valeurs (dont beaucoup sont en commun avec celles de <a href=\"https:\/\/www.facebook.com\/kazidomi\/\">Kazidomi<\/a> \ud83e\udd70), ses r\u00e9f\u00e9rences musicales (hum hum&#8230; \ud83d\ude02 ) et de ses passe-temps (spoiler alert : \u00e7a parle de <a href=\"https:\/\/www.facebook.com\/danse.avec.les.stars\/\">Danse avec les stars<\/a> ici \ud83d\udc83 ) ! C\u2019est parti ! \ud83d\ude04<\/strong><\/p>\n<figure class=\"embed strchf-type-embed regular strchf-size-regular strchf-align-center\">\n<div class=\"embed-container\">\n<div style=\"max-width: 100%; position: relative; padding-top: 74.9455%;\"><iframe style=\"position: absolute; top: 0px; left: 0px; width: 100%; height: 100%;\" src=\"https:\/\/www.youtube.com\/embed\/mMvQN0htlGU?feature=oembed\" width=\"459\" height=\"344\" frameborder=\"0\" allowfullscreen=\"allowfullscreen\"><\/iframe><\/div>\n<\/div><figcaption><strong>\ud83d\udc46 <\/strong>Elle, c\u2019est Anneline, mais on l\u2019appelle plut\u00f4t \u201cAnn-euh\u201d<\/figcaption><\/figure>\n<ul>\n<li>Pr\u00e9nom : Anneline<\/li>\n<li>Nom : Spaas<\/li>\n<li>\u00c2ge : 27 ans<\/li>\n<li>Employeur : <a href=\"https:\/\/www.ethias.be\/\">Ethias<\/a><\/li>\n<li>Fonction : Digital Copywriter &amp; Marketer<\/li>\n<\/ul>\n<h2 id=\"267a0\">C\u2019est quoi ta mission chez Flora ?<\/h2>\n<p>Alors chez Flora, je m\u2019occupe de tout ce qui concerne la <strong>communication digitale<\/strong>. Donc \u00e7a passe par la r\u00e9daction de contenu, que ce soit sur le site web, sur les r\u00e9seaux sociaux ou alors <a href=\"https:\/\/flora.insure\/fr\/blog\/\">la r\u00e9daction d\u2019articles de blog<\/a>. Je m\u2019occupe aussi de tout ce qui est SEO, donc le r\u00e9f\u00e9rencement naturel et, finalement, aussi je participe \u00e0 la cr\u00e9ation des annonces sur internet donc c\u2019est tout ce qui est publicit\u00e9. \ud83d\udc69\u200d\ud83d\udcbb<\/p>\n<h2 id=\"bjuua\">Qu\u2019est-ce qui t\u2019a pouss\u00e9e \u00e0 postuler chez Flora ?<\/h2>\n<p>Ce qui m\u2019a pouss\u00e9e \u00e0 postuler chez Flora c\u2019est qu\u2019il y avait vraiment <strong>un esprit d\u2019\u00e9quipe jeune et dynamique<\/strong> qui m\u2019a donn\u00e9 envie, que j\u2019ai pu percevoir rien qu\u2019\u00e0 travers l\u2019offre d\u2019emploi. Et puis, par apr\u00e8s, lors des entretiens, il y a vraiment un <strong>feeling<\/strong> qui est bien pass\u00e9. \u00c7a m\u2019a encore plus motiv\u00e9e \u00e0 aller travailler l\u00e0-bas. Au final, je suis super contente d\u2019y \u00eatre. J\u2019ai eu un super accueil et je m\u2019entends super bien avec tous les membres de mon \u00e9quipe.<\/p>\n<h2 id=\"16ptl\">Qu\u2019est-ce que tu dirais \u00e0 tes amis pour leur vendre Flora ?<\/h2>\n<p>Je leur dirais que Flora, c\u2019est vraiment <a href=\"https:\/\/flora.insure\/fr\/assurance-locataire\/\">l\u2019assurance qui est dans l\u2019air du temps<\/a>. On g\u00e8re tout sur son <strong>smartphone<\/strong> et c\u2019est super facile et super simple.<\/p>\n<figure class=\"embed strchf-type-embed regular strchf-size-regular strchf-align-center\">\n<div class=\"embed-container\">\n<div style=\"max-width: 100%; position: relative; padding-top: 100%;\"><iframe style=\"border: 0px; position: absolute; top: 0px; left: 0px; width: 100%; height: 100%;\" src=\"https:\/\/giphy.com\/embed\/3o7btNa0RUYa5E7iiQ\/twitter\/iframe\" width=\"500\" height=\"500\" frameborder=\"0\" scrolling=\"no\" allowfullscreen=\"allowfullscreen\"><\/iframe><\/div>\n<\/div><figcaption>C\u2019est exactement \u00e7a !<\/figcaption><\/figure>\n<h2 id=\"13fec\">Th\u00e9 ou Caf\u00e9 ?<\/h2>\n<p>Donc euh\u2026 moi c\u2019est le th\u00e9. J\u2019aime pas du tout le caf\u00e9 \u00e0 part peut-\u00eatre dans le tiramisu.<\/p>\n<h2 id=\"10gvt\">Steak-frites salade ou Courgettes farcies au Tofu?<\/h2>\n<p>Benh\u2026 courgettes farcies au tofu. En fait, je suis v\u00e9g\u00e9tarienne depuis quelques mois donc j\u2019ai d\u00e9cid\u00e9 de ne plus manger de viande. Apr\u00e8s, je ne mange pas du tofu tous les jours non plus. \ud83e\udd37\u200d\u2640\ufe0f<\/p>\n<h2 id=\"dpohg\">Quasimodo ou Kazidomi ?<\/h2>\n<p>L\u00e0, mon c\u0153ur flanche un peu parce que le <strong>Bossu de notre Dame<\/strong>, c\u2019est un de mes Disney pr\u00e9f\u00e9r\u00e9s et <a href=\"http:\/\/kazidomi.com\/\">Kazidomi<\/a> c\u2019est un site sur lequel je commande de temps en temps. C\u2019est un site qui vend des produits bio et sains que ce soit de la nourriture ou des cosm\u00e9tiques. Et moi, mes cosm\u00e9tiques, c\u2019est que du bio, vegan, cruelty free et tout ce qui est possible.<\/p>\n<h2 id=\"b02tq\">Las Chicas del Cable ou Game of Thrones ?<\/h2>\n<p>Euh\u2026 Las Chicas del Cable parce que je n\u2019ai jamais vu Game of Thrones et, franchement, je n\u2019ai pas trop envie de regarder.<\/p>\n<figure class=\"embed strchf-type-embed regular strchf-size-regular strchf-align-center\">\n<div class=\"embed-container\">\n<div style=\"max-width: 100%; position: relative; padding-top: 100%;\"><iframe style=\"border: 0px; position: absolute; top: 0px; left: 0px; width: 100%; height: 100%;\" src=\"https:\/\/giphy.com\/embed\/3o7bukVrzVsemnBkYw\/twitter\/iframe\" width=\"600\" height=\"600\" frameborder=\"0\" scrolling=\"no\" allowfullscreen=\"allowfullscreen\"><\/iframe><\/div>\n<\/div><figcaption>La r\u00e9action des fans de Games of Thrones&#8230;\ud83d\ude02<\/figcaption><\/figure>\n<h2 id=\"4a1uf\">Penny ou L\u00e9o ?<\/h2>\n<p>Ce sont deux personnages de The Big Bang Theory et j\u2019ai deux lapins qui s\u2019appellent Penny et L\u00e9o. Si je dois vraiment choisir, je vais choisir Penny parce que c\u2019est la premi\u00e8re et voil\u00e0 mais c\u2019est mes 2 b\u00e9b\u00e9s. \ud83d\udc30\ud83d\udc30<\/p>\n<h2 id=\"dell0\">Tokio Hotel ou Trag\u00e9die ?<\/h2>\n<p>Oh non, c\u2019est pas vrai\u2026 Oh non, quelle honte. Trag\u00e9die, c\u2019est vraiment la base. Je connais toutes les chansons. \ud83c\udfa4<\/p>\n<h2 id=\"34ip7\">Vid\u00e9os de chats sur internet ou balade \u00e0 v\u00e9lo ?<\/h2>\n<p>Regarder des vid\u00e9os de chats parce que j\u2019adore les chats et le v\u00e9lo, je d\u00e9teste le v\u00e9lo.<\/p>\n<figure class=\"embed strchf-type-embed regular strchf-size-regular strchf-align-center\">\n<div class=\"embed-container\">\n<div style=\"max-width: 100%; position: relative; padding-top: 76.6667%;\"><iframe style=\"border: 0px; position: absolute; top: 0px; left: 0px; width: 100%; height: 100%;\" src=\"https:\/\/giphy.com\/embed\/JfLdIahamXQI0\/twitter\/iframe\" width=\"300\" height=\"230\" frameborder=\"0\" scrolling=\"no\" allowfullscreen=\"allowfullscreen\"><\/iframe><\/div>\n<\/div><figcaption>Qui n\u2019a jamais rigol\u00e9 devant une vid\u00e9o de chats ? \ud83d\ude39<\/figcaption><\/figure>\n<h2 id=\"2r7ij\">Vacances en Espagne ou en Italie ?<\/h2>\n<p>Me gustar\u00eda une paella por favor. \ud83e\udd58 Je dirais sans h\u00e9sitation l\u2019Espagne. Enfin, j\u2019avoue que j\u2019ai un peu h\u00e9sit\u00e9 avant de r\u00e9pondre. Mon copain est d\u2019origine italienne mais il sait bien que j\u2019adore l\u2019Espagne. J\u2019adore la culture, la langue, la gastronomie\u2026 donc pour moi c\u2019est l\u2019Espagne. \ud83c\uddea\ud83c\uddf8<\/p>\n<h2 id=\"6fl8\">Montre-nous un objet.<\/h2>\n<p>Ce sont mes chaussures de danse. Je fais de la danse de salon depuis peu. En fait, j\u2019ai toujours beaucoup aim\u00e9 la danse, surtout la danse contemporaine. Et, comme beaucoup de personnes, j\u2019ai d\u00e9couvert la danse de salon et la danse latine sur Danse avec les stars. \ud83d\udc83<\/p>\n<figure class=\"embed strchf-type-embed regular strchf-size-regular strchf-align-center\">\n<div class=\"embed-container\">\n<div style=\"max-width: 100%; position: relative; padding-top: 75%;\"><iframe style=\"border: 0px; position: absolute; top: 0px; left: 0px; width: 100%; height: 100%;\" src=\"https:\/\/giphy.com\/embed\/5h47ZcimaRY8HSwJq5\/twitter\/iframe\" width=\"480\" height=\"360\" frameborder=\"0\" scrolling=\"no\" allowfullscreen=\"allowfullscreen\"><\/iframe><\/div>\n<\/div><figcaption>On n\u2019aurait pas mieux dit, Jean-Marc !<\/figcaption><\/figure>\n<h2 id=\"dlr5v\">Une petite blague ?<\/h2>\n<p>Alors\u2026 avec quoi ramasse-t-on la papaye ? Avec une foufourche.<\/p>\n<figure class=\"embed strchf-type-embed regular strchf-size-regular strchf-align-center\">\n<div class=\"embed-container\">\n<div style=\"max-width: 100%; position: relative; padding-top: 87.0833%;\"><iframe style=\"border: 0px; position: absolute; top: 0px; left: 0px; width: 100%; height: 100%;\" src=\"https:\/\/giphy.com\/embed\/OhrNfRrBxgz16\/twitter\/iframe\" width=\"480\" height=\"418\" frameborder=\"0\" scrolling=\"no\" allowfullscreen=\"allowfullscreen\"><\/iframe><\/div>\n<\/div><figcaption>M\u00eame Emilia Clarke a ri ! \ud83d\ude02<\/figcaption><\/figure>\n<blockquote><p><strong>Tu veux aussi une vid\u00e9o comme celle-ci ? Viens rejoindre la #TeamFlora, regarde la page <a href=\"https:\/\/flora.insure\/fr\/jobs\/\" target=\"_blank\" rel=\"noopener noreferrer\">Travailler chez Flora<\/a> pour voir les jobs pour lesquels nous recrutons en ce moment.<\/strong><\/p><\/blockquote>\n<p><!-- strchf script --><script>if(window.strchfSettings === undefined) window.strchfSettings = {};window.strchfSettings.stats = {url: \"https:\/\/flora.storychief.io\/fr\/team-flora-assurance-anneline?id=1470174216&type=2\",title: \"4 minutes 13 avec Anneline de la #TeamFlora\",id: \"9c0492cc-e256-44b8-852d-57b94f5c05f2\"};(function(d, s, id) {var js, sjs = d.getElementsByTagName(s)[0];if (d.getElementById(id)) {window.strchf.update(); return;}js = d.createElement(s); js.id = id;js.src = \"https:\/\/d37oebn0w9ir6a.cloudfront.net\/scripts\/v0\/strchf.js\";js.async = true;sjs.parentNode.insertBefore(js, sjs);}(document, 'script', 'storychief-jssdk'))<\/script><!-- End strchf script --><\/p>\n","protected":false},"excerpt":{"rendered":"<p>D\u00e9couvre Anneline, notre Digital Copywriter et Marketer, la derni\u00e8re recrue de de la #TeamFlora ! Elle t\u2019explique ce qui l\u2019a motiv\u00e9e \u00e0 nous rejoindre et en quoi consiste son job. \ud83e\udd13 Mais ce n\u2019est pas tout !<\/p>\n","protected":false},"author":4,"featured_media":2578,"comment_status":"open","ping_status":"open","sticky":false,"template":"","format":"standard","meta":{"_acf_changed":false,"_seopress_robots_primary_cat":"none","_seopress_titles_title":"Flora Insurance \u2022 4 minutes 13 avec Anneline de la #TeamFlora","_seopress_titles_desc":"D\u00e9couvre Anneline, notre Digital Copywriter et Marketer, la derni\u00e8re recrue de de la #TeamFlora ! Elle t\u2019explique ce qui l\u2019a motiv\u00e9e \u00e0 nous rejoindre et en quoi consiste son job. \ud83e\udd13 Mais ce n\u2019est pas tout !","_seopress_robots_index":"yes","footnotes":""},"categories":[138],"tags":[38,37,39],"class_list":["post-2576","post","type-post","status-publish","format-standard","has-post-thumbnail","hentry","category-a-propos-de-flora","tag-employee-interview-fr","tag-teamflora-fr","tag-video-fr"],"acf":[],"_links":{"self":[{"href":"https:\/\/flora.insure\/fr\/wp-json\/wp\/v2\/posts\/2576","targetHints":{"allow":["GET"]}}],"collection":[{"href":"https:\/\/flora.insure\/fr\/wp-json\/wp\/v2\/posts"}],"about":[{"href":"https:\/\/flora.insure\/fr\/wp-json\/wp\/v2\/types\/post"}],"author":[{"embeddable":true,"href":"https:\/\/flora.insure\/fr\/wp-json\/wp\/v2\/users\/4"}],"replies":[{"embeddable":true,"href":"https:\/\/flora.insure\/fr\/wp-json\/wp\/v2\/comments?post=2576"}],"version-history":[{"count":0,"href":"https:\/\/flora.insure\/fr\/wp-json\/wp\/v2\/posts\/2576\/revisions"}],"wp:featuredmedia":[{"embeddable":true,"href":"https:\/\/flora.insure\/fr\/wp-json\/wp\/v2\/media\/2578"}],"wp:attachment":[{"href":"https:\/\/flora.insure\/fr\/wp-json\/wp\/v2\/media?parent=2576"}],"wp:term":[{"taxonomy":"category","embeddable":true,"href":"https:\/\/flora.insure\/fr\/wp-json\/wp\/v2\/categories?post=2576"},{"taxonomy":"post_tag","embeddable":true,"href":"https:\/\/flora.insure\/fr\/wp-json\/wp\/v2\/tags?post=2576"}],"curies":[{"name":"wp","href":"https:\/\/api.w.org\/{rel}","templated":true}]}}