{"id":2511,"date":"2020-11-06T11:58:38","date_gmt":"2020-11-06T10:58:38","guid":{"rendered":"https:\/\/flora.insure\/blog\/team-flora-assurance-manon\/"},"modified":"2025-03-26T09:58:54","modified_gmt":"2025-03-26T08:58:54","slug":"team-flora-assurance-manon","status":"publish","type":"post","link":"https:\/\/flora.insure\/fr\/blog\/team-flora-assurance-manon\/","title":{"rendered":"3 minutes 50 avec Manon de la #TeamFlora"},"content":{"rendered":"<p><strong>Rencontre avec Manon, la Scrum Master de la #TeamFlora&#8230; \ud83e\udd14 Tu ne sais pas ce que \u00e7a veut dire ? Don\u2019t worry.<\/strong> <strong>Manon t\u2019explique tout dans cette interview ! Toujours au courant des derni\u00e8res <a href=\"https:\/\/www.accroauresto.com\/\">chroniques d\u2019une accro au resto<\/a> \ud83c\udf7d , Manon te fait d\u00e9couvrir ses go\u00fbts, ses derniers voyages et ses passe-temps, sans oublier sa relation privil\u00e9gi\u00e9e avec Obama (tu comprendras plus tard \ud83d\ude07 ). Tout un programme.<\/strong><\/p>\n<figure class=\"video strchf-type-video regular strchf-size-regular strchf-align-center\">\n<div class=\"embed-container\">\n<div style=\"max-width: 100%; position: relative; padding-top: 74.9455%;\"><iframe style=\"position: absolute; top: 0px; left: 0px; width: 100%; height: 100%;\" src=\"https:\/\/www.youtube.com\/embed\/aPVoyT4V_NU?feature=oembed\" width=\"459\" height=\"344\" frameborder=\"0\" allowfullscreen=\"allowfullscreen\"><\/iframe><\/div>\n<\/div>\n<\/figure>\n<ul>\n<li>Pr\u00e9nom : Manon<\/li>\n<li>Nom : Filon<\/li>\n<li>\u00c2ge : 26 ans<\/li>\n<li>Employeur : <a href=\"http:\/\/www.nrb.be\" target=\"_blank\" rel=\"noopener noreferrer\">NRB<\/a><\/li>\n<li>Fonction : Scrum Master<\/li>\n<\/ul>\n<h2 id=\"7fsmp\">C\u2019est quoi ton r\u00f4le chez Flora ?<\/h2>\n<p>Au sein de Flora, je m\u2019occupe de la partie \u00ab Delivery \u00bb de l\u2019\u00e9quipe o\u00f9 je vais <strong>g\u00e9rer les d\u00e9veloppeurs<\/strong>, la <strong>coordination<\/strong> des sprints, faire en sorte qu\u2019on livre bien ce qu\u2019on est sens\u00e9 livrer. \u2705<\/p>\n<figure class=\"embed strchf-type-embed regular strchf-size-regular strchf-align-center\">\n<div class=\"embed-container\">\n<div style=\"max-width: 100%; position: relative; padding-top: 100%;\"><iframe style=\"border: 0px; position: absolute; top: 0px; left: 0px; width: 100%; height: 100%;\" src=\"https:\/\/giphy.com\/embed\/YqbxXKDjzvniySsxmR\/twitter\/iframe\" width=\"480\" height=\"480\" frameborder=\"0\" scrolling=\"no\" allowfullscreen=\"allowfullscreen\"><\/iframe><\/div>\n<\/div><figcaption>Manon, c\u2019est un peu la cheffe d\u2019orchestre le la partie Delivery de Flora. \ud83d\ude04<\/figcaption><\/figure>\n<h2 id=\"6rotu\">C\u2019est quoi pour toi Flora ?<\/h2>\n<p>Alors, pour moi c\u2019est vraiment <strong>l\u2019innovation de demain<\/strong>. C\u2019est-\u00e0-dire qu\u2019on peut vraiment tout faire sur son smartphone en 3 clics.<\/p>\n<h2 id=\"c7fbd\">Qu\u2019est-ce qui te pla\u00eet le plus dans le projet ?<\/h2>\n<p>Ce qui me pla\u00eet le plus, c\u2019est le c\u00f4t\u00e9 innovant parce que c\u2019est super chouette de travailler pour <a href=\"https:\/\/flora.insure\/fr\/a-propos-de-flora\/\">une bo\u00eete qui r\u00e9volutionne les assurances<\/a>. Et le 2e point, c\u2019est vraiment de travailler avec <strong>une \u00e9quipe super dynamique et enthousiaste<\/strong>. C\u2019est hyper positif.<\/p>\n<figure class=\"embed strchf-type-embed regular strchf-size-regular strchf-align-center\">\n<div class=\"embed-container\">\n<div style=\"max-width: 100%; position: relative; padding-top: 56.25%;\"><iframe style=\"border: 0px; position: absolute; top: 0px; left: 0px; width: 100%; height: 100%;\" src=\"https:\/\/giphy.com\/embed\/jxLUyHSPgqiliS3US0\/twitter\/iframe\" width=\"480\" height=\"270\" frameborder=\"0\" scrolling=\"no\" allowfullscreen=\"allowfullscreen\"><\/iframe><\/div>\n<\/div><figcaption>C\u2019est \u00e7a, l\u2019esprit Flora ! \ud83d\udcaa<\/figcaption><\/figure>\n<h2 id=\"5l1pu\">Tennis ou patinage ?<\/h2>\n<p>Patinage parce que j\u2019ai fait du patinage pendant quelques ann\u00e9es. J\u2019ai fait du tennis aussi mais le patinage \u00e7a me manque trop, c\u2019\u00e9tait trop bien.<\/p>\n<h2 id=\"8qa9n\">P\u00e9rou ou P\u00e9ruwelz ?<\/h2>\n<p>P\u00e9rou ! Parce que le P\u00e9rou c\u2019est un de mes derniers voyages avec mon compagnon et c\u2019\u00e9tait juste splendide aussi bien d\u2019un point de vue <strong>culturel<\/strong> que d\u2019un point de vue <strong>gustatif<\/strong>.<\/p>\n<h2 id=\"5v0gd\">Mont Fuji ou Mont\u00e9limar ?<\/h2>\n<p>Mont Fuji parce que mon copain m\u2019a demand\u00e9 en mariage <strong>devant le Mont Fuji<\/strong>. \ud83e\udd70<\/p>\n<h2 id=\"db239\">Gin Tonic ou Rhum Coca ?<\/h2>\n<p>Gin Tonic. Mon copain travaillait avant dans les alcools et du coup on a une \u00e9norme collection de gins \u00e0 l\u2019appart.<\/p>\n<figure class=\"embed strchf-type-embed regular strchf-size-regular strchf-align-center\">\n<div class=\"embed-container\">\n<div style=\"max-width: 100%; position: relative; padding-top: 60.4167%;\"><iframe style=\"border: 0px; position: absolute; top: 0px; left: 0px; width: 100%; height: 100%;\" src=\"https:\/\/giphy.com\/embed\/3osxYfo1Y0NtKdYJi0\/twitter\/iframe\" width=\"480\" height=\"290\" frameborder=\"0\" scrolling=\"no\" allowfullscreen=\"allowfullscreen\"><\/iframe><\/div>\n<\/div><figcaption>Le gin est \u00e0 d\u00e9guster avec sagesse, n\u2019est-ce pas ? \ud83d\ude2c<\/figcaption><\/figure>\n<h2 id=\"e5j8f\">Michelle Obama ou Oprah Winfrey ?<\/h2>\n<p>Michelle Obama pour son c\u00f4t\u00e9 tr\u00e8s f\u00e9ministe aux \u00c9tats-Unis. Aussi parce que <strong>mon chat s\u2019appelle Obama<\/strong>.<\/p>\n<h2 id=\"achuv\">Valse ou Tango ?<\/h2>\n<p>Tango pour le c\u00f4t\u00e9 espagnol et ol\u00e9 ol\u00e9. \ud83d\udc83<\/p>\n<h2 id=\"3v56h\">David Guetta ou Jean-Jacques Goldman ?<\/h2>\n<p>David Guetta pour la f\u00eate !<\/p>\n<h2 id=\"92p1j\">Gilmore Girls ou Riverdale ?<\/h2>\n<p>D\u00e9j\u00e0 c\u2019est quoi le premier ?<\/p>\n<h3 id=\"cq62d\">Gilmore Girls, c\u2019est une s\u00e9rie sur Netflix !<\/h3>\n<p>Ben je connais pas ! Donc du coup : <a href=\"https:\/\/www.netflix.com\/be-fr\/title\/80133311\">Riverdale<\/a> ! \ud83d\ude02<\/p>\n<h2 id=\"fkli9\">Tomate ou laitue ?<\/h2>\n<p>Tomate. Je d\u00e9teste la laitue.<\/p>\n<figure class=\"embed strchf-type-embed regular strchf-size-regular strchf-align-center\">\n<div class=\"embed-container\">\n<div style=\"max-width: 100%; position: relative; padding-top: 56.2%;\"><iframe style=\"border: 0px; position: absolute; top: 0px; left: 0px; width: 100%; height: 100%;\" src=\"https:\/\/giphy.com\/embed\/N3PkL0MRKGcN2\/twitter\/iframe\" width=\"500\" height=\"281\" frameborder=\"0\" scrolling=\"no\" allowfullscreen=\"allowfullscreen\"><\/iframe><\/div>\n<\/div><figcaption>Obama a plut\u00f4t l\u2019air d\u2019appr\u00e9cier la laitue, lui. \ud83d\udc31<\/figcaption><\/figure>\n<h2 id=\"baau4\">Th\u00e9 ou caf\u00e9 ?<\/h2>\n<p>Th\u00e9 ! Je n\u2019aime pas non plus le caf\u00e9.<\/p>\n<h2 id=\"98t3m\">Sucr\u00e9 ou sal\u00e9 ?<\/h2>\n<p>Sucr\u00e9 ! Genre je suis fan de chiques. \ud83c\udf6d\ud83c\udf6c<\/p>\n<figure class=\"embed strchf-type-embed regular strchf-size-regular strchf-align-center\">\n<div class=\"embed-container\">\n<div style=\"max-width: 100%; position: relative; padding-top: 55.9375%;\"><iframe style=\"border: 0px; position: absolute; top: 0px; left: 0px; width: 100%; height: 100%;\" src=\"https:\/\/giphy.com\/embed\/GdNbYAcBjfqTK\/twitter\/iframe\" width=\"320\" height=\"179\" frameborder=\"0\" scrolling=\"no\" allowfullscreen=\"allowfullscreen\"><\/iframe><\/div>\n<\/div><figcaption>Pour qu\u2019on se comprenne bien (ah, la langue fran\u00e7aise et ses patois \ud83d\ude0d )&#8230; Pour Manon, une vraie li\u00e9geoise, c\u2019est \u00e7a les chiques ! Non non, ce ne sont pas des bonbons ! \ud83d\ude07<\/figcaption><\/figure>\n<h2 id=\"7ag8g\">Le blog d\u2019une accro au resto ou <a href=\"https:\/\/flora.insure\/fr\/blog\/\">le blog de Flora<\/a> ?<\/h2>\n<p>Je t\u2019avoue que je te dirai quand m\u00eame <a href=\"https:\/\/www.accroauresto.com\/\">le blog d\u2019une accro au resto<\/a> parce qu\u2019on adore aller au restaurant ! \ud83d\ude0b<\/p>\n<h2 id=\"fdltv\">Une nouvelle paire de bottes ou aller sur la Batte ?<\/h2>\n<p><a href=\"https:\/\/www.visitezliege.be\/fr\/la-batte-marche-dominical\">Aller sur la Batte<\/a> ! \u00c7a fait partie de <strong>mon petit rituel du dimanche<\/strong> o\u00f9 je vais faire mes courses et c\u2019est assez chouette ! Surtout quand il fait beau.<\/p>\n<h2 id=\"6p9d4\">Dirty Dancing ou Les Bronz\u00e9s font du ski ?<\/h2>\n<p>Dirty Dancing pour le cot\u00e9 <strong>romantique<\/strong>.<\/p>\n<figure class=\"embed strchf-type-embed regular strchf-size-regular strchf-align-center\">\n<div class=\"embed-container\">\n<div style=\"max-width: 100%; position: relative; padding-top: 57.508%;\"><iframe style=\"border: 0px; position: absolute; top: 0px; left: 0px; width: 100%; height: 100%;\" src=\"https:\/\/giphy.com\/embed\/2lmzisJW5zjz2\/twitter\/iframe\" width=\"313\" height=\"180\" frameborder=\"0\" scrolling=\"no\" allowfullscreen=\"allowfullscreen\"><\/iframe><\/div>\n<\/div><figcaption>Quoi, c\u2019est pas romantique Les Bronz\u00e9s ? \ud83d\ude44\ud83d\ude02<\/figcaption><\/figure>\n<h2 id=\"du3gv\">Montre-nous un objet.<\/h2>\n<p>Donc moi je vous montre <strong>ma petite trousse \u00e0 m\u00e9dicaments<\/strong>. C\u2019est une petite trousse qui vient du <strong>Vietnam<\/strong> o\u00f9 on a rencontr\u00e9 3 filles extraordinaires lors d\u2019un s\u00e9jour dans la r\u00e9gion de Sa Pa. Ce sont elles qui ont fait cette petite pochette et je l\u2019ai toujours avec moi. \u00c7a reste un tr\u00e8s tr\u00e8s bon souvenir de ce s\u00e9jour au Vietnam. Voil\u00e0 !<\/p>\n<h2 id=\"che99\">Une petite blague !<\/h2>\n<p>Alors, tu connais la blague de la chaise ? Elle est pliante ! C\u2019\u00e9tait trop nul !<\/p>\n<figure class=\"embed strchf-type-embed regular strchf-size-regular strchf-align-center\">\n<div class=\"embed-container\">\n<div style=\"max-width: 100%; position: relative; padding-top: 65.9898%;\"><iframe style=\"border: 0px; position: absolute; top: 0px; left: 0px; width: 100%; height: 100%;\" src=\"https:\/\/giphy.com\/embed\/xUOwGebr552J0tWDK0\/twitter\/iframe\" width=\"394\" height=\"260\" frameborder=\"0\" scrolling=\"no\" allowfullscreen=\"allowfullscreen\"><\/iframe><\/div>\n<\/div><figcaption>Elle \u00e9tait bien trouv\u00e9e, celle-l\u00e0 ! \ud83d\ude02<\/figcaption><\/figure>\n<blockquote><p><strong>Tu veux aussi une vid\u00e9o comme celle-ci ? Viens rejoindre la #TeamFlora, regarde la page <a href=\"https:\/\/flora.insure\/fr\/jobs\/\" target=\"_blank\" rel=\"noopener noreferrer\">Travailler chez Flora<\/a> pour voir les jobs pour lesquels nous recrutons en ce moment.<\/strong><\/p><\/blockquote>\n<p><!-- strchf script --><script>if(window.strchfSettings === undefined) window.strchfSettings = {};window.strchfSettings.stats = {url: \"https:\/\/flora.storychief.io\/fr\/team-flora-assurance-manon?id=2043442143&type=2\",title: \"3 minutes 50 avec Manon de la #TeamFlora\",id: \"9c0492cc-e256-44b8-852d-57b94f5c05f2\"};(function(d, s, id) {var js, sjs = d.getElementsByTagName(s)[0];if (d.getElementById(id)) {window.strchf.update(); return;}js = d.createElement(s); js.id = id;js.src = \"https:\/\/d37oebn0w9ir6a.cloudfront.net\/scripts\/v0\/strchf.js\";js.async = true;sjs.parentNode.insertBefore(js, sjs);}(document, 'script', 'storychief-jssdk'))<\/script><!-- End strchf script --><\/p>\n","protected":false},"excerpt":{"rendered":"<p>Rencontre avec Manon, la Scrum Master de la #TeamFlora ! Tu ne sais pas ce que \u00e7a veut dire ? \ud83e\udd14 Manon t\u2019explique tout dans cette interview !<\/p>\n","protected":false},"author":4,"featured_media":2513,"comment_status":"open","ping_status":"open","sticky":false,"template":"","format":"standard","meta":{"_acf_changed":false,"_seopress_robots_primary_cat":"none","_seopress_titles_title":"Flora Insurance \u2022 3 minutes 50 avec Manon de la #TeamFlora","_seopress_titles_desc":"Rencontre avec Manon, la Scrum Master de la #TeamFlora ! Tu ne sais pas ce que \u00e7a veut dire ? \ud83e\udd14 Manon t\u2019explique tout dans cette interview !","_seopress_robots_index":"yes","footnotes":""},"categories":[138],"tags":[38,37,39],"class_list":["post-2511","post","type-post","status-publish","format-standard","has-post-thumbnail","hentry","category-a-propos-de-flora","tag-employee-interview-fr","tag-teamflora-fr","tag-video-fr"],"acf":[],"_links":{"self":[{"href":"https:\/\/flora.insure\/fr\/wp-json\/wp\/v2\/posts\/2511","targetHints":{"allow":["GET"]}}],"collection":[{"href":"https:\/\/flora.insure\/fr\/wp-json\/wp\/v2\/posts"}],"about":[{"href":"https:\/\/flora.insure\/fr\/wp-json\/wp\/v2\/types\/post"}],"author":[{"embeddable":true,"href":"https:\/\/flora.insure\/fr\/wp-json\/wp\/v2\/users\/4"}],"replies":[{"embeddable":true,"href":"https:\/\/flora.insure\/fr\/wp-json\/wp\/v2\/comments?post=2511"}],"version-history":[{"count":0,"href":"https:\/\/flora.insure\/fr\/wp-json\/wp\/v2\/posts\/2511\/revisions"}],"wp:featuredmedia":[{"embeddable":true,"href":"https:\/\/flora.insure\/fr\/wp-json\/wp\/v2\/media\/2513"}],"wp:attachment":[{"href":"https:\/\/flora.insure\/fr\/wp-json\/wp\/v2\/media?parent=2511"}],"wp:term":[{"taxonomy":"category","embeddable":true,"href":"https:\/\/flora.insure\/fr\/wp-json\/wp\/v2\/categories?post=2511"},{"taxonomy":"post_tag","embeddable":true,"href":"https:\/\/flora.insure\/fr\/wp-json\/wp\/v2\/tags?post=2511"}],"curies":[{"name":"wp","href":"https:\/\/api.w.org\/{rel}","templated":true}]}}