{"id":23680,"date":"2024-06-19T16:05:51","date_gmt":"2024-06-19T14:05:51","guid":{"rendered":"https:\/\/flora.insure\/?p=23680"},"modified":"2025-03-26T09:23:50","modified_gmt":"2025-03-26T08:23:50","slug":"diminuer-facture-electricite-colocation","status":"publish","type":"post","link":"https:\/\/flora.insure\/fr\/blog\/diminuer-facture-electricite-colocation\/","title":{"rendered":"5 astuces pour diminuer sa facture d\u2019\u00e9lectricit\u00e9 dans une colocation"},"content":{"rendered":"<p>Diminuer sa <strong>facture d&rsquo;\u00e9lectricit\u00e9<\/strong> est un d\u00e9fi commun dans une <strong>colocation<\/strong>. En partageant l&rsquo;espace et les co\u00fbts, il est crucial de mettre en place des strat\u00e9gies efficaces pour \u00e9conomiser de l&rsquo;\u00e9nergie. Voici cinq astuces pour r\u00e9duire tes d\u00e9penses \u00e9nerg\u00e9tiques en colocation en Belgique \u270b\ud83d\udca1<\/p>\n<h2><strong>Nos 5 astuces pour r\u00e9duire la facture d\u2019\u00e9lectricit\u00e9 de ta colocation <\/strong><\/h2>\n<h3><strong>\u00a0<\/strong><strong>Utiliser des appareils \u00e9lectrom\u00e9nagers efficaces<\/strong><\/h3>\n<ul>\n<li><strong>\u00a0<\/strong>Choisir des appareils \u00e0 basse consommation<\/li>\n<\/ul>\n<p>Si tu as la possibilit\u00e9 de choisir les <strong>appareils \u00e9lectrom\u00e9nagers<\/strong> de ta <strong>colocation<\/strong>, on te recommande d\u2019opter pour des <strong>\u00e9quipements \u00e9co-\u00e9nerg\u00e9tiques<\/strong>, ceux avec la belle \u00e9tiquette verte \ud83c\udf43<\/p>\n<p>Ces mod\u00e8les seront plus <strong>\u00e9conomes<\/strong> en<a href=\"https:\/\/flora.insure\/fr\/blog\/prime-region-wallonne-boiler-thermodynamique\/\"> \u00e9lectricit\u00e9<\/a> et te permettront de r\u00e9duire facilement la facture d\u2019\u00e9lectricit\u00e9 en <a href=\"https:\/\/flora.insure\/fr\/blog\/frais-colocation\/\">colocation<\/a>. \u00c7a vaut pour le micro-ondes, le four, le frigo et m\u00eame ta brosse-\u00e0-dent \u00e9lectrique.<\/p>\n<ul>\n<li>Entretenir r\u00e9guli\u00e8rement les appareils<\/li>\n<\/ul>\n<p>Si tu ne peux pas acheter tes propres \u00e9lectrom\u00e9nagers, il te suffit de bien les <a href=\"https:\/\/flora.insure\/fr\/blog\/entretien-chaudiere-belgique\/\"><strong>entretenir<\/strong><\/a> pour garantir leur <strong>efficacit\u00e9 \ud83d\udc4c<\/strong><\/p>\n<p>Un r\u00e9frig\u00e9rateur bien entretenu (nettoy\u00e9 r\u00e9guli\u00e8rement, d\u00e9givr\u00e9 une fois par an\u2026) aura une dur\u00e9e de vie bien sup\u00e9rieure \u00e0 un frigo mal entretenu.<\/p>\n<p>Ce dernier sera plus <strong>gourmand en \u00e9nergie<\/strong> et risque de faire grimper la note sans que tu t&rsquo;en rendes compte.<\/p>\n<figure class=\"image strchf-type-image regular strchf-size-regular strchf-align-center\"><picture><source srcset=\"https:\/\/flora.insure\/wp-content\/uploads\/2024\/06\/conso-electricite-maison.jpg 1x\" media=\"(max-width: 768px)\" \/><source srcset=\"https:\/\/flora.insure\/wp-content\/uploads\/2024\/06\/conso-electricite-maison.jpg 1x\" media=\"(min-width: 769px)\" \/><img decoding=\"async\" src=\"https:\/\/flora.insure\/wp-content\/uploads\/2024\/06\/conso-electricite-maison.jpg\" alt=\"Tablette avec un \u00e9colabel de consommation \u00e9lectrique d'une maison\" \/><\/picture><\/figure>\n<h3><strong>Adopter des habitudes de consommation responsables<\/strong><\/h3>\n<ul>\n<li>\u00c9teindre les appareils non utilis\u00e9s<\/li>\n<\/ul>\n<p>Nos mamans n\u2019avaient pas tort en nous rappelant sans cesse d\u2019\u00e9teindre les appareils non utilis\u00e9s \ud83d\udc40<\/p>\n<p>\u00c9teindre les<strong> lumi\u00e8res<\/strong> et les<strong> appareils \u00e9lectroniques<\/strong> quand tu ne les utilises pas aide \u00e0 \u00e9viter une <strong>consommation d&rsquo;\u00e9nergie<\/strong> inutile.<\/p>\n<p>En effet, m\u00eame en mode veille, les appareils continuent de consommer. Alors, pense \u00e0 tout \u00e9teindre ! \ud83d\ude07<\/p>\n<figure class=\"embed strchf-type-embed regular strchf-size-regular strchf-align-center\">\n<div class=\"embed-container\">\n<div style=\"max-width: 100%; position: relative; padding-top: 42.0833%;\"><iframe style=\"border: 0px; position: absolute; top: 0px; left: 0px; width: 100%; height: 100%;\" src=\"https:\/\/giphy.com\/embed\/aGfViEPn8dlOuMygXd\/twitter\/iframe\" width=\"480\" height=\"202\" frameborder=\"0\" scrolling=\"no\" allowfullscreen=\"allowfullscreen\"><\/iframe><\/div>\n<\/div><figcaption>C&rsquo;est pas Versailles, ici !<\/figcaption><\/figure>\n<ul>\n<li>Utiliser des multiprises avec interrupteur<\/li>\n<\/ul>\n<p><strong>\u00a0<\/strong>Si tu es du genre t\u00eate en l\u2019air, on a une solution pour toi \ud83d\ude43<\/p>\n<p>Utiliser des <a href=\"https:\/\/www.amazon.com.be\/prise-multiple-avec-interrupteur\/s?k=prise+multiple+avec+interrupteur\" target=\"_blank\" rel=\"noopener\"><strong>multiprises<\/strong><\/a> avec interrupteur permet de couper l&rsquo;alimentation de plusieurs appareils en une seule fois.<\/p>\n<p>Cela \u00e9vite la <strong>consommation fant\u00f4me<\/strong> et tu n&rsquo;auras plus \u00e0 t&rsquo;inqui\u00e9ter d&rsquo;avoir laiss\u00e9 un chargeur branch\u00e9 toute la journ\u00e9e.<\/p>\n<h3><strong>Optimiser le chauffage et la climatisation<\/strong><\/h3>\n<ul>\n<li>R\u00e9gler le thermostat de mani\u00e8re optimale<\/li>\n<\/ul>\n<p>En hiver, maintiens le<strong> thermostat<\/strong> \u00e0 une temp\u00e9rature confortable, mais raisonnable. Chaque degr\u00e9 en moins repr\u00e9sente une \u00e9conomie d\u2019\u00e9nergie de 7 % \ud83d\udd0c\ud83d\udca1<\/p>\n<p>En \u00e9t\u00e9, a\u00e8re bien les espaces communs et les chambres \u00e0 coucher. Cela te permettra de baisser la temp\u00e9rature de ces pi\u00e8ces et d\u2019\u00e9viter d\u2019utiliser un air-conditionn\u00e9.<\/p>\n<p>Des <strong>r\u00e9glages intelligents<\/strong> peuvent t\u2019aider \u00e0 r\u00e9duire ta consommation d&rsquo;\u00e9nergie.<\/p>\n<ul>\n<li>Isoler les fen\u00eatres et les portes<\/li>\n<\/ul>\n<p>On l\u2019oublie souvent, mais l\u2019<strong>isolation<\/strong> est un des facteurs les plus d\u00e9terminants sur ta consommation \u00e9lectrique \u261d\ufe0f<\/p>\n<p>Un <strong>appartement mal isol\u00e9<\/strong>\u00a0pourra te faire grimper rapidement la facture d&rsquo;\u00e9lectricit\u00e9 de ta colocation. Une bonne isolation peut r\u00e9duire la n\u00e9cessit\u00e9 de chauffer ou de climatiser excessivement.<\/p>\n<p>Alors, on sait que tu ne peux pas entreprendre des <a href=\"https:\/\/flora.insure\/fr\/blog\/primes-renovation-wallonie\/\"><strong>travaux d\u2019isolation<\/strong><\/a>, mais il existe des solutions simples et rapides \u00e0 mettre en place, comme l\u2019installation de rideaux \u00e9pais et de coupe-froid.<\/p>\n<figure class=\"image strchf-type-image regular strchf-size-regular strchf-align-center\"><picture><source srcset=\"https:\/\/flora.insure\/wp-content\/uploads\/2024\/06\/facture-electricite-porte.jpg 1x\" media=\"(max-width: 768px)\" \/><source srcset=\"https:\/\/flora.insure\/wp-content\/uploads\/2024\/06\/facture-electricite-porte.jpg 1x\" media=\"(min-width: 769px)\" \/><img decoding=\"async\" src=\"https:\/\/flora.insure\/wp-content\/uploads\/2024\/06\/facture-electricite-porte.jpg\" alt=\"Coupe-froid \u00e0 placer sous une porte pour diminuer sa facture d'\u00e9lectricit\u00e9\" \/><\/picture><figcaption>FYI, c&rsquo;est \u00e7a un coupe-froid \ud83e\udd76<\/figcaption><\/figure>\n<h3><strong>Maximiser l&rsquo;\u00e9clairage naturel<\/strong><\/h3>\n<ul>\n<li><strong>\u00a0<\/strong>Disposer les espaces de vie strat\u00e9giquement<\/li>\n<\/ul>\n<p>Place ta table \u00e0 manger \ud83c\udf7d\ufe0f, ton bureau \ud83e\ude91 et les autres pi\u00e8ces dans lesquelles tu passes ta journ\u00e9e pr\u00e8s des fen\u00eatres pour profiter au maximum de la lumi\u00e8re naturelle \ud83e\ude9f<\/p>\n<p>Cela permet de r\u00e9duire la d\u00e9pendance aux <strong>lumi\u00e8res artificielles<\/strong> durant la journ\u00e9e.<\/p>\n<ul>\n<li>Utiliser des ampoules LED<\/li>\n<\/ul>\n<p>Remplace-les <strong>ampoules classiques<\/strong> par des ampoules <a href=\"https:\/\/www.amazon.fr\/Ampoules-LED\/b?ie=UTF8&amp;node=248403031\" target=\"_blank\" rel=\"noopener\">LED<\/a>, qui consomment beaucoup moins d&rsquo;\u00e9nergie et ont une dur\u00e9e de vie plus longue \u26a1<\/p>\n<h3><strong>La participation des autres colocataires, c\u2019est la cl\u00e9<\/strong><\/h3>\n<ul>\n<li>Sensibiliser les colocataires<\/li>\n<\/ul>\n<p>La <strong>facture d\u2019\u00e9lectricit\u00e9<\/strong>, c\u2019est l\u2019affaire de toute la colocation \ud83e\uddd0<\/p>\n<p>Alors, discute r\u00e9guli\u00e8rement avec tes <a href=\"https:\/\/flora.insure\/fr\/blog\/problemes-colocation\/\">colocataires<\/a> des moyens de r\u00e9duire la<strong> consommation d&rsquo;\u00e9nergie<\/strong>.<\/p>\n<p>Impliquer tout le monde dans l&rsquo;effort peut rendre les mesures d&rsquo;\u00e9conomie plus efficaces.<\/p>\n<ul>\n<li>Mettre en place un suivi des consommations<\/li>\n<\/ul>\n<p>Installe des<strong> compteurs individuels<\/strong> ou suis la <strong>consommation globale<\/strong> pour identifier les <strong>pics de consommation<\/strong> et y rem\u00e9dier ensemble. Un suivi r\u00e9gulier aide \u00e0 maintenir l&rsquo;engagement de tous.<\/p>\n<p>Tu peux aussi demander \u00e0 ton propri\u00e9taire d\u2019installer un <a href=\"https:\/\/flora.insure\/fr\/blog\/compteur-bihoraire-belgique\/\"><strong>compteur bi-horaire<\/strong><\/a>. \u00c7a te permettra de faire tourner tes \u00e9lectrom\u00e9nagers (lave-vaisselle, machine \u00e0 laver\u2026) pendant les heures creuses, et donc de payer moins cher \ud83d\udcb0<\/p>\n<figure class=\"embed strchf-type-embed regular strchf-size-regular strchf-align-center\">\n<div class=\"embed-container\">\n<div style=\"max-width: 100%; position: relative; padding-top: 42.0833%;\"><iframe style=\"border: 0px; position: absolute; top: 0px; left: 0px; width: 100%; height: 100%;\" src=\"https:\/\/giphy.com\/embed\/lM86pZcDxfx5e\/twitter\/iframe\" width=\"480\" height=\"202\" frameborder=\"0\" scrolling=\"no\" allowfullscreen=\"allowfullscreen\"><\/iframe><\/div>\n<\/div>\n<\/figure>\n<h2><strong>Quelle est la facture moyenne d\u2019\u00e9lectricit\u00e9 dans une colocation en Belgique ? <\/strong><\/h2>\n<p><strong>\u00a0<\/strong>En Belgique, la <strong>facture d\u2019\u00e9lectricit\u00e9<\/strong> annuelle <a href=\"https:\/\/callmepower.be\/fr\/energie\/guides\/consommation\/moyenne-electricite\" target=\"_blank\" rel=\"noopener\">moyenne<\/a> en 2023 pour un m\u00e9nage se situait entre 800 et 1.200 \u20ac, en fonction de la consommation et du fournisseur d&rsquo;\u00e9nergie.<\/p>\n<p>En<strong> colocation<\/strong>, la <strong>r\u00e9partition de ces co\u00fbts<\/strong> peut varier, mais les m\u00eames principes d&rsquo;\u00e9conomie d&rsquo;\u00e9nergie s&rsquo;appliquent.<\/p>\n<p><strong>\u00a0<\/strong>Comprendre ta facture moyenne d&rsquo;\u00e9lectricit\u00e9 en Belgique peut t\u2019aider \u00e0 identifier les objectifs de r\u00e9duction des co\u00fbts. On t\u2019en parle<a href=\"https:\/\/flora.insure\/fr\/blog\/baisser-facture-electricite\/\"> ici<\/a>.<\/p>\n<p>Les postes qui peuvent faire <strong>augmenter ta facture d\u2019\u00e9lectricit\u00e9<\/strong> dans ta colocation sont\u00a0:<\/p>\n<ul>\n<li style=\"list-style-type: none;\">\n<ul>\n<li>Le <strong>chauffage<\/strong> et la <strong>climatisation \ud83c\udf2c\ufe0f<\/strong><\/li>\n<li>Les <strong>appareils \u00e9lectrom\u00e9nagers<\/strong>, surtout le r\u00e9frig\u00e9rateur et le cong\u00e9lateur \ud83e\udd51<\/li>\n<li>Les <strong>appareils \u00e9lectroniques<\/strong>, comme un ordinateur, une t\u00e9l\u00e9vision, etc \ud83d\udcfa<\/li>\n<li>Les <strong>appareils de cuisson<\/strong> (taques \u00e9lectriques, four\u2026) \ud83c\udf73<\/li>\n<\/ul>\n<\/li>\n<\/ul>\n<figure class=\"image strchf-type-image regular strchf-size-regular strchf-align-center\"><picture><source srcset=\"https:\/\/flora.insure\/wp-content\/uploads\/2024\/06\/facture-electricite-elevee.jpg 1x\" media=\"(max-width: 768px)\" \/><source srcset=\"https:\/\/flora.insure\/wp-content\/uploads\/2024\/06\/facture-electricite-elevee.jpg 1x\" media=\"(min-width: 769px)\" \/><\/picture><picture><img decoding=\"async\" src=\"https:\/\/flora.insure\/wp-content\/uploads\/2024\/06\/facture-electricite-elevee.jpg\" alt=\"Billet en train de br\u00fbler \u00e0 cause d'une prise \u00e9lectrique\" \/><\/picture><\/figure>\n<p>En appliquant ces cinq astuces, tu pourras non seulement \u00e9conomiser de l&rsquo;argent, mais aussi contribuer \u00e0 la protection de l&rsquo;environnement. Avec des \u00e9quipements efficaces, de bonnes habitudes de consommation et une dose de coop\u00e9ration entre colocataires, tu pourras facilement diminuer la <strong>facture d&rsquo;\u00e9lectricit\u00e9<\/strong> en <strong>colocation<\/strong>.<\/p>\n","protected":false},"excerpt":{"rendered":"<p>Quels sont les astuces incontournables pour diminuer la facture d&rsquo;\u00e9lectricit\u00e9 dans ta colocation en Belgique ? De l&rsquo;utilisation d&rsquo;appareils \u00e9lectrom\u00e9nagers efficaces \u00e0 l&rsquo;adoption de bonnes habitudes de consommation, ces conseils pratiques vous aideront, tes colocs et toi, \u00e0 \u00e9conomiser tout en pr\u00e9servant l&rsquo;environnement \ud83c\udf3f\ud83d\udca1<\/p>\n","protected":false},"author":27,"featured_media":23707,"comment_status":"closed","ping_status":"open","sticky":false,"template":"","format":"standard","meta":{"_acf_changed":false,"_seopress_robots_primary_cat":"none","_seopress_titles_title":"5 astuces pour r\u00e9duire la facture d\u2019\u00e9lectricit\u00e9 en colocation","_seopress_titles_desc":"D\u00e9couvre nos astuces pour r\u00e9duire efficacement la facture d\u2019\u00e9lectricit\u00e9 en colocation en Belgique. \u00c9conomise avec des conseils adapt\u00e9s \u00e0 la vie en communaut\u00e9.","_seopress_robots_index":"yes","footnotes":""},"categories":[133],"tags":[],"class_list":["post-23680","post","type-post","status-publish","format-standard","has-post-thumbnail","hentry","category-conseils-logement"],"acf":[],"_links":{"self":[{"href":"https:\/\/flora.insure\/fr\/wp-json\/wp\/v2\/posts\/23680","targetHints":{"allow":["GET"]}}],"collection":[{"href":"https:\/\/flora.insure\/fr\/wp-json\/wp\/v2\/posts"}],"about":[{"href":"https:\/\/flora.insure\/fr\/wp-json\/wp\/v2\/types\/post"}],"author":[{"embeddable":true,"href":"https:\/\/flora.insure\/fr\/wp-json\/wp\/v2\/users\/27"}],"replies":[{"embeddable":true,"href":"https:\/\/flora.insure\/fr\/wp-json\/wp\/v2\/comments?post=23680"}],"version-history":[{"count":0,"href":"https:\/\/flora.insure\/fr\/wp-json\/wp\/v2\/posts\/23680\/revisions"}],"wp:featuredmedia":[{"embeddable":true,"href":"https:\/\/flora.insure\/fr\/wp-json\/wp\/v2\/media\/23707"}],"wp:attachment":[{"href":"https:\/\/flora.insure\/fr\/wp-json\/wp\/v2\/media?parent=23680"}],"wp:term":[{"taxonomy":"category","embeddable":true,"href":"https:\/\/flora.insure\/fr\/wp-json\/wp\/v2\/categories?post=23680"},{"taxonomy":"post_tag","embeddable":true,"href":"https:\/\/flora.insure\/fr\/wp-json\/wp\/v2\/tags?post=23680"}],"curies":[{"name":"wp","href":"https:\/\/api.w.org\/{rel}","templated":true}]}}