{"id":22314,"date":"2024-03-06T09:24:56","date_gmt":"2024-03-06T08:24:56","guid":{"rendered":"https:\/\/flora.insure\/?p=22314"},"modified":"2024-05-21T14:16:46","modified_gmt":"2024-05-21T12:16:46","slug":"bail-commercial-belgique","status":"publish","type":"post","link":"https:\/\/flora.insure\/fr\/blog\/bail-commercial-belgique\/","title":{"rendered":"Bail commercial en Belgique : les 5 choses \u00e0 conna\u00eetre"},"content":{"rendered":"<p>Le <strong>bail commercial en Belgique<\/strong> concerne la location de biens immobiliers destin\u00e9s \u00e0 un usage commercial ou \u00e9conomique. \u00c7a signifie que le locataire exploite le bien immobilier pour son activit\u00e9 professionnelle. Tout comme le bail de r\u00e9sidence principale, le bail commercial est r\u00e9gi par la loi (30 avril 1951 dans le Code civil). Cette l\u00e9gislation contient des \u00e9l\u00e9ments cruciaux \u00e0 conna\u00eetre avant de se lancer t\u00eate baiss\u00e9e dans la signature d\u2019un contrat de bail. D\u00e9couvre les 5 aspects essentiels \u00e0 conna\u00eetre sur le bail commercial en Belgique \ud83c\udde7\ud83c\uddea<\/p>\n<h2><strong>#1. Dur\u00e9e du bail commercial en Belgique et renouvellement<\/strong><\/h2>\n<p>La <strong>dur\u00e9e<\/strong> d\u2019un<strong> bail commercial<\/strong> en Belgique est g\u00e9n\u00e9ralement de 9 ans, sauf pour certains cas particuliers, tels que les pop-up stores, qui peuvent profiter d&rsquo;une p\u00e9riode plus courte (1 an ou moins) \u231b<\/p>\n<p>Pour \u00eatre consid\u00e9r\u00e9 comme un bail commercial, le logement mis en location doit permettre un contact direct avec les <strong>clients<\/strong> (commerce de d\u00e9tails\u2026) et l&rsquo;<strong>activit\u00e9 commerciale<\/strong> doit se d\u00e9rouler dans le bien immobilier.<\/p>\n<p>Par exemple, un \u00e9lectricien ne pourra pas b\u00e9n\u00e9ficier d\u2019un <strong>contrat de bail commercial<\/strong>, car son activit\u00e9 principale se d\u00e9roule en dehors du bien immobilier lou\u00e9.<\/p>\n<p><strong>Qu\u2019en est-il du renouvellement du bail ?<\/strong><\/p>\n<p>Le locataire a droit \u00e0 trois <strong>renouvellements<\/strong>, d\u2019une p\u00e9riode de 9 ans chacun. En gros, le locataire d\u2019un commerce est en droit de louer durant 36 ans, maximum.<\/p>\n<p>La demande de renouvellement doit \u00eatre effectu\u00e9e pour poursuivre l&rsquo;<strong>activit\u00e9 \u00e9conomique<\/strong> en place. Elle doit \u00eatre envoy\u00e9e par lettre recommand\u00e9e ou via un huissier de justice au moins 15 mois avant l&rsquo;<strong>expiration<\/strong> du bail.<\/p>\n<p>Cette demande doit \u00e9galement inclure toutes les conditions pour le nouveau bail. En l&rsquo;absence de r\u00e9ponse du <strong>propri\u00e9taire<\/strong>, le renouvellement du bail sera automatiquement accept\u00e9e aux conditions propos\u00e9es par le locataire.<\/p>\n<p>Le bailleur a le droit de refuser le renouvellement, mais il devra alors verser une indemnit\u00e9 au locataire. C\u2019est ce qu\u2019on appelle une <strong><a href=\"https:\/\/www.berthier-associes.com\/indemnites-deviction-en-cas-de-non-renouvellement-de-bail\/\" target=\"_blank\" rel=\"noopener\">indemnit\u00e9 d\u2019\u00e9viction<\/a> \ud83d\udea9<\/strong><\/p>\n<p>Apr\u00e8s 9 ans, une <strong>proc\u00e9dure de renouvellement<\/strong> doit \u00eatre suivie par le locataire et le propri\u00e9taire. Si la proc\u00e9dure n\u2019a pas \u00e9t\u00e9 respect\u00e9e, on estime qu\u2019il s\u2019agit d\u2019une reconduction tacite. Le contrat de bail commercial devient alors un contrat \u00e0 dur\u00e9e ind\u00e9termin\u00e9e.<\/p>\n<figure class=\"image strchf-type-image regular strchf-size-regular strchf-align-center\"><picture><source srcset=\"https:\/\/flora.insure\/wp-content\/uploads\/2024\/03\/contrat-bail-commercial.jpg 1x\" media=\"(max-width: 768px)\" \/><source srcset=\"https:\/\/flora.insure\/wp-content\/uploads\/2024\/03\/contrat-bail-commercial.jpg 1x\" media=\"(min-width: 769px)\" \/><img decoding=\"async\" src=\"https:\/\/flora.insure\/wp-content\/uploads\/2024\/03\/contrat-bail-commercial.jpg\" alt=\"Contrat de bail pour une maison avec les cl\u00e9s et le style bille\" \/><\/picture><\/figure>\n<h2><strong>#2. R\u00e8gles de r\u00e9vision du loyer<\/strong><\/h2>\n<p>L\u2019<strong>indexation du loyer<\/strong> est autoris\u00e9e pour un bail commercial en Belgique. Pour ce faire, les <strong>conditions d\u2019indexation<\/strong> doivent \u00eatre incluses dans le contrat de bail.<\/p>\n<p>Si rien n\u2019est mentionn\u00e9 dans le bail, le <strong>propri\u00e9taire bailleur<\/strong> ne pourra pas r\u00e9clamer une indexation du loyer \ud83d\udeab<\/p>\n<p>La r\u00e9vision du loyer se fait via un juge de paix.<\/p>\n<p>L\u2019indexation d\u2019un bail commercial fonctionne comme une<a href=\"https:\/\/flora.insure\/fr\/blog\/tableau-indexation-loyer\/\"> indexation traditionnelle<\/a>. Elle peut se faire pendant les trois derniers mois de chaque p\u00e9riode de trois ans.<\/p>\n<ul>\n<li>Comment calculer l\u2019<strong>indexation<\/strong> d\u2019un bail commercial \u00e0 <strong>Bruxelles<\/strong>\u00a0?<\/li>\n<\/ul>\n<p>L\u2019indexation d\u2019un bail commercial \u00e0 Bruxelles se base sur l\u2019indice des<strong> prix \u00e0 la consommation<\/strong>.<\/p>\n<p>Depuis 2022, il est n\u00e9cessaire d\u2019utiliser l\u2019indice des<strong> prix \u00e0 la consommation hors \u00e9nergie<\/strong> (ou indice <a href=\"https:\/\/bestat.statbel.fgov.be\/bestat\/crosstable.xhtml?view=8047ea15-c1ce-405c-b27e-9d877c20f8d3\">0 \u00e9nergie<\/a>).<\/p>\n<ul>\n<li>Comment calculer l\u2019<strong>indexation<\/strong> d\u2019un bail commercial en <strong>Wallonie<\/strong>\u00a0?<\/li>\n<\/ul>\n<p>L\u2019<strong>indexation d\u2019un bail commercial<\/strong> en Wallonie se base sur l\u2019<strong>indice sant\u00e9<\/strong>.<\/p>\n<p>Pour les baux sign\u00e9s avant 1994, le calcul d\u2019indexation devra se baser sur les prix \u00e0 la consommation.<\/p>\n<h2><strong>#3. Obligations du bailleur et du locataire<\/strong><\/h2>\n<p>Dans un bail commercial, le<strong> bailleur<\/strong> et le<strong> locataire<\/strong> ont chacun des droits et des <strong>responsabilit\u00e9s<\/strong> sp\u00e9cifiques pour assurer une relation harmonieuse \ud83e\udd1d<\/p>\n<h3><strong>Quelles sont les obligations du locataire ?<\/strong><\/h3>\n<p>Le <strong>locataire<\/strong> s&rsquo;engage \u00e0 respecter les <strong>termes du contrat<\/strong> en :<\/p>\n<ul>\n<li>Payant le<strong> loyer<\/strong> dans les d\u00e9lais convenus.<\/li>\n<li>Pr\u00e9servant l&rsquo;<strong>\u00e9tat<\/strong> et l&rsquo;apparence du lieu lou\u00e9.<\/li>\n<li><strong>Entretenant<\/strong> le local et r\u00e9alisant les r\u00e9parations mineures n\u00e9cessaires.<\/li>\n<li>Rendant le<strong> bien<\/strong> dans l&rsquo;\u00e9tat initial \u00e0 la fin du bail.<\/li>\n<\/ul>\n<h3><strong>Quelles sont les obligations du bailleur ?<\/strong><\/h3>\n<p>Le<strong> bailleur<\/strong> est tenu de :<\/p>\n<ul>\n<li>Fournir un espace en <strong>bon \u00e9tat<\/strong> pour l&rsquo;usage commercial convenu.<\/li>\n<li>Assumer la responsabilit\u00e9 des <strong>r\u00e9parations structurelles<\/strong> majeures, telles que les murs et la toiture.<\/li>\n<li>Mettre \u00e0 disposition toutes les informations n\u00e9cessaires sur le <strong>local<\/strong>, y compris son <strong>\u00e9tat<\/strong>, son <strong>efficacit\u00e9 \u00e9nerg\u00e9tique<\/strong> (PEB), et tout risque li\u00e9 \u00e0 la pollution des sols.<\/li>\n<li>Respecter le <strong>droit de pr\u00e9emption<\/strong> du locataire en cas de vente du bien immobilier, accordant \u00e0 ce dernier la priorit\u00e9 pour l&rsquo;achat du bien lou\u00e9.<\/li>\n<\/ul>\n<figure class=\"embed strchf-type-embed regular strchf-size-regular strchf-align-center\">\n<div class=\"embed-container\">\n<div style=\"max-width: 100%; position: relative; padding-top: 42.0833%;\"><iframe style=\"border: 0px; position: absolute; top: 0px; left: 0px; width: 100%; height: 100%;\" src=\"https:\/\/giphy.com\/embed\/2ewlKbYV2NmiZRZbh3\/twitter\/iframe\" width=\"480\" height=\"202\" frameborder=\"0\" scrolling=\"no\" allowfullscreen=\"allowfullscreen\"><\/iframe><\/div>\n<\/div>\n<\/figure>\n<h2><strong>#4. Sous-location et cession<\/strong><\/h2>\n<p>La <strong>cession d\u2019un bail commercial<\/strong>, c\u2019est un peu comme passer le flambeau d\u2019un locataire \u00e0 un autre \ud83d\udd25<\/p>\n<p>Le locataire actuel, appel\u00e9 <strong>c\u00e9dant<\/strong>, transmet son contrat de location \u00e0 une autre personne, le <strong>cessionnaire<\/strong>. En effectuant cette cession, le c\u00e9dant transmet tous les <strong>droits<\/strong> et les <strong>obligations<\/strong> li\u00e9s au bail commercial au cessionnaire. Cette transmission peut se faire en m\u00eame temps que la <strong>cession du fonds de commerce<\/strong>. Cela \u00e9vite de longues proc\u00e9dures barbantes pour le nouveau locataire.<\/p>\n<p>Dans le cadre d\u2019un bail commercial en Belgique, le bailleur ne peut pas s\u2019opposer \u00e0 la <strong>sous-location<\/strong> ou la <strong>cession<\/strong>.<\/p>\n<p>Mais il y a deux exceptions o\u00f9 il peut refuser \ud83d\udc47<\/p>\n<ul>\n<li>Si une partie du bien immobilier est utilis\u00e9e par le propri\u00e9taire ou un membre de sa famille.<\/li>\n<li>Si le locataire occupe le local depuis moins de 2 ans ou a renouvel\u00e9 le bail il y a moins de 2 ans.<\/li>\n<\/ul>\n<p>Pour demander une cession ou une sous-location, le locataire doit simplement pr\u00e9venir le bailleur par lettre recommand\u00e9e ou via un huissier de justice. Et l\u00e0, le bailleur a 30 jours pour la refuser. S\u2019il dit non, le locataire a encore 15 jours pour r\u00e9agir. Si \u00e7a tourne au vinaigre, c\u2019est le <strong>juge de paix<\/strong> qui tranche !<\/p>\n<h2><strong>#5. Fin du bail commercial et r\u00e9siliation anticip\u00e9e en Belgique<\/strong><\/h2>\n<p>En Belgique, le locataire peut <strong>r\u00e9silier son contrat de bail commercial<\/strong> apr\u00e8s chaque triennat (<em>aka<\/em> une p\u00e9riode de 3 ans). Il devra alors respecter un d\u00e9lai de <strong>pr\u00e9avis<\/strong> de 6 mois avant la fin du triennat en cours.<\/p>\n<p>En ce qui concerne le bailleur, il est tr\u00e8s difficile pour lui de mettre fin au bail tout seul. Une clause doit \u00eatre pr\u00e9vue dans le contrat de bail. Sans cette clause, le propri\u00e9taire ne pourra pas r\u00e9silier le bail.<\/p>\n<p>La loi ne permet la r\u00e9siliation que dans deux situations : si le locataire ne paie pas son loyer ou si le bailleur veut exercer <strong><a href=\"https:\/\/www.lemoniteur.be\/documentation\/le-bail-commercial-111.html\" target=\"_blank\" rel=\"noopener\">une activit\u00e9 commerciale<\/a><\/strong> dans le lieu m\u00eame de location. La dur\u00e9e de pr\u00e9avis sera alors d&rsquo;un an.<\/p>\n<p>Pour cela, le bailleur doit envoyer un <a href=\"https:\/\/flora.insure\/fr\/blog\/resilier-bail-location\/\"><strong>avis de r\u00e9siliation<\/strong><\/a> un an \u00e0 l&rsquo;avance, par recommand\u00e9 ou par huissier. Il doit pr\u00e9ciser pourquoi il met fin au bail, c&rsquo;est-\u00e0-dire s&rsquo;il veut exercer une activit\u00e9 commerciale lui-m\u00eame, ou si c&rsquo;est un membre de sa famille, ou encore une soci\u00e9t\u00e9 dont il poss\u00e8de la majorit\u00e9 des parts, qui souhaite l&rsquo;exercer. Une r\u00e9siliation sans motif est possible, mais le bailleur devra payer une <strong>indemnit\u00e9<\/strong> \u00e9quivalente \u00e0 36 mois de loyer.<\/p>\n<p>Il doit suivre strictement ce que dit la loi, et m\u00eame s&rsquo;assurer que sa lettre respecte toutes les r\u00e8gles fix\u00e9es par la Cour de cassation.<\/p>\n<p>Une fois que le locataire est parti, le bailleur doit exercer l&rsquo;activit\u00e9 commerciale dans les 6 mois et continuer pendant au moins 2 ans.<\/p>\n<p>S&rsquo;il ne le fait pas, l&rsquo;ancien locataire peut lui demander une indemnit\u00e9 \u00e9quivalente \u00e0 3 ans de loyer.<\/p>\n<p>Les deux parties peuvent aussi se mettre d&rsquo;accord pour mettre fin au bail, \u00e0 tout moment bien s\u00fbr.<\/p>\n<p>Dans ce cas, pour prot\u00e9ger le locataire, cette fin d&rsquo;accord doit \u00eatre confirm\u00e9e par un <strong>acte notari\u00e9<\/strong> ou un <strong>jugement \ud83e\uddd1\u200d\u2696\ufe0f<\/strong><\/p>\n<figure class=\"image strchf-type-image regular strchf-size-regular strchf-align-center\"><picture><source srcset=\"https:\/\/flora.insure\/wp-content\/uploads\/2024\/03\/notaire-bail-commercial.jpg 1x\" media=\"(max-width: 768px)\" \/><source srcset=\"https:\/\/flora.insure\/wp-content\/uploads\/2024\/03\/notaire-bail-commercial.jpg 1x\" media=\"(min-width: 769px)\" \/><img decoding=\"async\" src=\"https:\/\/flora.insure\/wp-content\/uploads\/2024\/03\/notaire-bail-commercial.jpg\" alt=\"Notaire appose un tampon sur des documents\" \/><\/picture><\/figure>\n<p>Le <strong>bail commercial<\/strong> en Belgique est un sujet crucial pour tout entrepreneur souhaitant louer un espace pour son activit\u00e9 professionnelle. Ce contrat de location est r\u00e9gi par la loi du 30 avril 1951 et comprend des aspects essentiels \u00e0 comprendre avant de s&rsquo;engager. De la dur\u00e9e du bail et du renouvellement \u00e0 la r\u00e9vision du loyer, en passant par la sous-location et la r\u00e9siliation anticip\u00e9e, chaque d\u00e9tail compte dans cette relation contractuelle. Il est donc essentiel de ma\u00eetriser ces 5 aspects cl\u00e9s concernant le bail commercial en Belgique. Pour plus d&rsquo;informations, il est recommand\u00e9 de consulter un professionnel du droit pour des conseils personnalis\u00e9s dans ce domaine.<\/p>\n","protected":false},"excerpt":{"rendered":"<p>Quels sont les aspects essentiels du bail commercial en Belgique ? Dur\u00e9e du bail, proc\u00e9dure de renouvellement, r\u00e9siliation&#8230; D\u00e9couvre tous les \u00e9l\u00e9ments cl\u00e9s \u00e0 conna\u00eetre sur le contrat de bail commercial \ud83d\udc47\ud83d\ude0e<\/p>\n","protected":false},"author":27,"featured_media":22334,"comment_status":"closed","ping_status":"open","sticky":false,"template":"","format":"standard","meta":{"_acf_changed":false,"_seopress_robots_primary_cat":"none","_seopress_titles_title":"Bail commercial en Belgique : les 5 choses \u00e0 conna\u00eetre","_seopress_titles_desc":"Tout savoir sur le bail commercial en Belgique : dur\u00e9e, renouvellement, sous-location, cession, responsabilit\u00e9 du propri\u00e9taire, obligations du locataire\r\n","_seopress_robots_index":"","footnotes":""},"categories":[133],"tags":[],"class_list":["post-22314","post","type-post","status-publish","format-standard","has-post-thumbnail","hentry","category-conseils-logement"],"acf":[],"_links":{"self":[{"href":"https:\/\/flora.insure\/fr\/wp-json\/wp\/v2\/posts\/22314","targetHints":{"allow":["GET"]}}],"collection":[{"href":"https:\/\/flora.insure\/fr\/wp-json\/wp\/v2\/posts"}],"about":[{"href":"https:\/\/flora.insure\/fr\/wp-json\/wp\/v2\/types\/post"}],"author":[{"embeddable":true,"href":"https:\/\/flora.insure\/fr\/wp-json\/wp\/v2\/users\/27"}],"replies":[{"embeddable":true,"href":"https:\/\/flora.insure\/fr\/wp-json\/wp\/v2\/comments?post=22314"}],"version-history":[{"count":0,"href":"https:\/\/flora.insure\/fr\/wp-json\/wp\/v2\/posts\/22314\/revisions"}],"wp:featuredmedia":[{"embeddable":true,"href":"https:\/\/flora.insure\/fr\/wp-json\/wp\/v2\/media\/22334"}],"wp:attachment":[{"href":"https:\/\/flora.insure\/fr\/wp-json\/wp\/v2\/media?parent=22314"}],"wp:term":[{"taxonomy":"category","embeddable":true,"href":"https:\/\/flora.insure\/fr\/wp-json\/wp\/v2\/categories?post=22314"},{"taxonomy":"post_tag","embeddable":true,"href":"https:\/\/flora.insure\/fr\/wp-json\/wp\/v2\/tags?post=22314"}],"curies":[{"name":"wp","href":"https:\/\/api.w.org\/{rel}","templated":true}]}}