{"id":20707,"date":"2023-10-25T09:09:45","date_gmt":"2023-10-25T07:09:45","guid":{"rendered":"https:\/\/flora.insure\/?p=20707"},"modified":"2023-10-25T09:09:45","modified_gmt":"2023-10-25T07:09:45","slug":"consommation-moyenne-eau-bruxelles","status":"publish","type":"post","link":"https:\/\/flora.insure\/fr\/blog\/consommation-moyenne-eau-bruxelles\/","title":{"rendered":"Quelle est la consommation moyenne d\u2019eau \u00e0 Bruxelles ?"},"content":{"rendered":"<p>Tu te demandes peut-\u00eatre quelle quantit\u00e9 d&rsquo;eau les Bruxellois utilisent au quotidien ? Plonge avec nous dans le monde (passionnant) de la <strong>consommation d&rsquo;eau \u00e0 Bruxelles<\/strong>. Dans cet article, on t\u2019explique tous les chiffres cl\u00e9s, les tendances et les d\u00e9fis li\u00e9s \u00e0 la consommation d&rsquo;eau dans la capitale belge \ud83d\udeb0<\/p>\n<h2><strong>Les chiffres cl\u00e9s de la consommation d&rsquo;eau en Belgique<\/strong><\/h2>\n<p>La Belgique pr\u00e9sente des caract\u00e9ristiques int\u00e9ressantes en mati\u00e8re de <strong>consommation d&rsquo;eau<\/strong>, particuli\u00e8rement \u00e0 Bruxelles.<\/p>\n<h3><strong>La consommation d&rsquo;eau par habitant en Belgique<\/strong><\/h3>\n<p>Quelle <strong>quantit\u00e9<\/strong> d\u2019eau consomment les habitants en Belgique\u00a0?<\/p>\n<p>Selon les derni\u00e8res donn\u00e9es disponibles, chaque Belge utilise en moyenne pr\u00e8s de<strong> 100 litres<\/strong> d&rsquo;eau par jour. Cette eau est utilis\u00e9e pour diff\u00e9rents postes\u00a0: <strong>consommation<\/strong>, <strong>hygi\u00e8ne personnelle<\/strong>, <strong>cuisine<\/strong>&#8230;<\/p>\n<p>Dans un souci de durabilit\u00e9, le pays a pris des mesures pour <strong>r\u00e9duire <a href=\"https:\/\/flora.insure\/fr\/blog\/consommation-eau-famille-4-personnes-belgique\/\">la consommation d&rsquo;eau<\/a><\/strong> \ud83d\udcc9<\/p>\n<p>Au cours de la derni\u00e8re d\u00e9cennie, on a observ\u00e9 une tendance \u00e0 la baisse de la consommation d&rsquo;eau par habitant, principalement gr\u00e2ce \u00e0 des campagnes de <strong>sensibilisation<\/strong> et \u00e0 l&rsquo;adoption de technologies plus <strong>\u00e9conomes<\/strong> en eau.<\/p>\n<h3><strong>Quels sont les facteurs qui influencent la consommation\u00a0?<\/strong><\/h3>\n<p>Plusieurs facteurs jouent un r\u00f4le dans<strong> la consommation d&rsquo;eau<\/strong> des diff\u00e9rentes r\u00e9gions de Belgique (Bruxelles, Wallonie et Flandre) :<\/p>\n<ul>\n<li>le climat<\/li>\n<li>les habitudes de vie<\/li>\n<li>les politiques gouvernementales<\/li>\n<li>les infrastructures d&rsquo;approvisionnement en eau<\/li>\n<\/ul>\n<p>On sait en moyenne que les Flamands seront plus gourmands en eau que les Wallons, par exemple.<\/p>\n<h3><strong>La capitale et son approvisionnement en eau<\/strong><\/h3>\n<p><strong>\u00a0<\/strong>L\u2019<strong>approvisionnement en eau<\/strong> de la ville de <strong>Bruxelles<\/strong> et le traitement de celle-ci sont r\u00e9alis\u00e9s par Hydria (anciennement la SGBE). Cette eau provient majoritairement de plusieurs sources souterraines venues de Wallonie.<\/p>\n<p>Le relev\u00e9 des compteurs d\u2019eau et l\u2019entretien des conduites de distribution de la <strong>r\u00e9gion bruxelloise<\/strong> sont r\u00e9alis\u00e9es par Vivaqua.<\/p>\n<figure class=\"image strchf-type-image regular strchf-size-regular strchf-align-center\"><picture><source srcset=\"https:\/\/flora.insure\/wp-content\/uploads\/2023\/10\/BLOG-image-dans-article-2022-799-x-533-px-8.jpgg 1x\" media=\"(max-width: 768px)\" \/><source srcset=\"https:\/\/flora.insure\/wp-content\/uploads\/2023\/10\/BLOG-image-dans-article-2022-799-x-533-px-8.jpg 1x\" media=\"(min-width: 769px)\" \/><img decoding=\"async\" src=\"https:\/\/flora.insure\/wp-content\/uploads\/2023\/10\/BLOG-image-dans-article-2022-799-x-533-px-8.jpg\" alt=\"Robinet qui remplit un verre d'eau\" \/><\/picture><\/figure>\n<h2><strong>Quelle est la consommation moyenne d&rsquo;eau \u00e0 Bruxelles ?<\/strong><\/h2>\n<p>Selon <a href=\"https:\/\/environnement.brussels\/citoyen\/outils-et-donnees\/etat-des-lieux-de-lenvironnement\/eau-et-environnement-aquatique-etat-des-lieux\" target=\"_blank\" rel=\"noopener\">les donn\u00e9es les plus r\u00e9centes<\/a>, la <strong>consommation moyenne d&rsquo;eau par habitant \u00e0 Bruxelles<\/strong> se situe autour de <strong>90 \u00e0 100 litres<\/strong> par jour \ud83d\ude31<\/p>\n<p>Cela repr\u00e9sente une quantit\u00e9 consid\u00e9rable d&rsquo;eau, qui couvre non seulement les besoins domestiques tels que la <strong>boisson<\/strong> et la <strong>douche<\/strong>, mais aussi l&rsquo;eau utilis\u00e9e dans les entreprises, les \u00e9coles et les institutions publiques situ\u00e9es dans toutes les communes de la r\u00e9gion bruxelloise (Anderlecht, Bruxelles, Ixelles, Uccle\u2026).<\/p>\n<p>Quels sont les <strong>facteurs<\/strong> qui influencent la <strong>consommation moyenne d\u2019eau<\/strong> \u00e0 Bruxelles\u00a0?<\/p>\n<ul>\n<li>Les saisons.<\/li>\n<\/ul>\n<p>Les mois d\u2019\u00e9t\u00e9 sont plus <strong>gourmands<\/strong> en eau (arrosage des jardins\u2026). Logique, tu vas nous dire ! \ud83d\ude44<\/p>\n<ul>\n<li>Les habitudes individuelles.<\/li>\n<\/ul>\n<p>Nombreux sont les Bruxellois qui ont pris conscience de l&rsquo;importance d&rsquo;\u00e9conomiser l&rsquo;eau et adoptent des pratiques telles que la <a href=\"https:\/\/flora.insure\/fr\/blog\/problemes-canalisations\/\"><strong>r\u00e9paration de fuites<\/strong><\/a>, l&rsquo;installation de <strong>dispositifs<\/strong> d&rsquo;\u00e9conomie d&rsquo;eau et la <strong>r\u00e9duction de la consommation<\/strong> lors de leurs activit\u00e9s quotidiennes.<\/p>\n<ul>\n<li>La taille du m\u00e9nage.<\/li>\n<\/ul>\n<p>Alors qu\u2019un <strong>c\u00e9libataire<\/strong> \u00e0 Bruxelles aura une consommation moyenne d\u2019eau de<a href=\"https:\/\/www.vivaqua.be\/fr\/nouveaux-tarifs-de-leau-pour-janvier-2022\/\" target=\"_blank\" rel=\"noopener\"> 35 m3\/an<\/a>, un <strong>m\u00e9nage de 4 personnes<\/strong> consommera en moyenne 150 m3\/an.<\/p>\n<figure class=\"embed strchf-type-embed regular strchf-size-regular strchf-align-center\">\n<div class=\"embed-container\">\n<div style=\"max-width: 100%; position: relative; padding-top: 42.0833%;\"><iframe style=\"border: 0px; position: absolute; top: 0px; left: 0px; width: 100%; height: 100%;\" src=\"https:\/\/giphy.com\/embed\/1NbYV4kgb5X2g\/twitter\/iframe\" width=\"480\" height=\"202\" frameborder=\"0\" scrolling=\"no\" allowfullscreen=\"allowfullscreen\"><\/iframe><\/div>\n<\/div><figcaption>Moi, j&rsquo;adore l&rsquo;eau, dans 20 ou 30 ans y en aura plus.<\/figcaption><\/figure>\n<h2><strong>Quelle est la facture d&rsquo;eau moyenne \u00e0 Bruxelles ?<\/strong><\/h2>\n<p>Le prix de l&rsquo;eau n&rsquo;est pas identique dans toutes les r\u00e9gions de Belgique. On peut noter une sacr\u00e9e diff\u00e9rence entre les tarifs appliqu\u00e9s \u00e0 Bruxelles et ceux en Wallonie \ud83c\udde7\ud83c\uddea<\/p>\n<p>En 2023, le <strong>prix<\/strong> de l&rsquo;eau \u00e0 <strong>Bruxelles<\/strong> est de 4,42 \u20ac par m3, toutes charges comprises. Ce tarif varie d&rsquo;ann\u00e9e en ann\u00e9e en fonction de plusieurs facteurs. Tu retrouveras les tarifs appliqu\u00e9s \u00e0 Bruxelles <a href=\"https:\/\/www.vivaqua.be\/fr\/tarif-lineaire-domestique\/\" target=\"_blank\" rel=\"noopener\">ici<\/a>.<\/p>\n<p>La <strong>facture d&rsquo;eau<\/strong> d&rsquo;un <strong>m\u00e9nage bruxellois<\/strong> est en moyenne de 554 \u20ac\/an, tandis qu&rsquo;en Wallonie, cette facture tourne aux alentours de 756 \u20ac par an.<\/p>\n<figure class=\"image strchf-type-image regular strchf-size-regular strchf-align-center\"><picture><source srcset=\"https:\/\/flora.insure\/wp-content\/uploads\/2023\/10\/BLOG-image-dans-article-2022-799-x-533-px-1-1-1.jpg 1x\" media=\"(max-width: 768px)\" \/><source srcset=\"https:\/\/flora.insure\/wp-content\/uploads\/2023\/10\/BLOG-image-dans-article-2022-799-x-533-px-1-1-1.jpg 1x\" media=\"(min-width: 769px)\" \/><img decoding=\"async\" src=\"https:\/\/flora.insure\/wp-content\/uploads\/2023\/10\/BLOG-image-dans-article-2022-799-x-533-px-1-1-1.jpg\" alt=\"Facture d'eau \u00e0 payer sur un smartphone\" \/><\/picture><\/figure>\n<p>Pour r\u00e9sumer, la r\u00e9duction de la consommation d&rsquo;eau \u00e0 Bruxelles est un d\u00e9fi collectif essentiel. La consommation d&rsquo;eau moyenne par habitant \u00e0 Bruxelles avoisine les 100 litres par jour. Face \u00e0 l&rsquo;augmentation des co\u00fbts, l&rsquo;apprentissage de l&rsquo;\u00e9conomie d&rsquo;eau est devenu un enjeu pour tous les m\u00e9nages bruxellois. En \u00e9conomisant de l&rsquo;eau, non seulement tu pr\u00e9serveras ton porte-monnaie, mais tu joueras \u00e9galement un r\u00f4le crucial dans la lutte contre le changement climatique. De nos jours, de nombreuses solutions sont disponibles pour r\u00e9duire intelligemment la <strong>consommation d&rsquo;eau par habitant \u00e0 Bruxelles<\/strong>.<\/p>\n","protected":false},"excerpt":{"rendered":"<p>Quelle est la consommation d&rsquo;eau moyenne \u00e0 Bruxelles ? La capitale belge est une des r\u00e9gions les plus gourmandes en eau, avec une consommation de 96 litres par jour. D\u00e9couvres-en plus dans cet article \ud83d\udc47<\/p>\n","protected":false},"author":27,"featured_media":20728,"comment_status":"closed","ping_status":"open","sticky":false,"template":"","format":"standard","meta":{"_acf_changed":false,"_seopress_robots_primary_cat":"none","_seopress_titles_title":"","_seopress_titles_desc":"La consommation d&#039;eau moyenne \u00e0 Bruxelles est de 96 litres par jour et par habitant. La capitale belge est une des r\u00e9gions les plus gourmandes en eau en Belgique. ","_seopress_robots_index":"","footnotes":""},"categories":[133],"tags":[],"class_list":["post-20707","post","type-post","status-publish","format-standard","has-post-thumbnail","hentry","category-conseils-logement"],"acf":[],"_links":{"self":[{"href":"https:\/\/flora.insure\/fr\/wp-json\/wp\/v2\/posts\/20707","targetHints":{"allow":["GET"]}}],"collection":[{"href":"https:\/\/flora.insure\/fr\/wp-json\/wp\/v2\/posts"}],"about":[{"href":"https:\/\/flora.insure\/fr\/wp-json\/wp\/v2\/types\/post"}],"author":[{"embeddable":true,"href":"https:\/\/flora.insure\/fr\/wp-json\/wp\/v2\/users\/27"}],"replies":[{"embeddable":true,"href":"https:\/\/flora.insure\/fr\/wp-json\/wp\/v2\/comments?post=20707"}],"version-history":[{"count":0,"href":"https:\/\/flora.insure\/fr\/wp-json\/wp\/v2\/posts\/20707\/revisions"}],"wp:featuredmedia":[{"embeddable":true,"href":"https:\/\/flora.insure\/fr\/wp-json\/wp\/v2\/media\/20728"}],"wp:attachment":[{"href":"https:\/\/flora.insure\/fr\/wp-json\/wp\/v2\/media?parent=20707"}],"wp:term":[{"taxonomy":"category","embeddable":true,"href":"https:\/\/flora.insure\/fr\/wp-json\/wp\/v2\/categories?post=20707"},{"taxonomy":"post_tag","embeddable":true,"href":"https:\/\/flora.insure\/fr\/wp-json\/wp\/v2\/tags?post=20707"}],"curies":[{"name":"wp","href":"https:\/\/api.w.org\/{rel}","templated":true}]}}