{"id":1947,"date":"2020-08-27T15:19:15","date_gmt":"2020-08-27T13:19:15","guid":{"rendered":"https:\/\/flora.insure\/blog\/team-flora-assurance-laureen\/"},"modified":"2025-03-26T09:58:00","modified_gmt":"2025-03-26T08:58:00","slug":"team-flora-assurance-laureen","status":"publish","type":"post","link":"https:\/\/flora.insure\/fr\/blog\/team-flora-assurance-laureen\/","title":{"rendered":"2 minutes 58 avec Laureen de la #TeamFlora"},"content":{"rendered":"<p><strong>Entre le stick de hockey \ud83c\udfd2 la raquette de tennis \ud83c\udfbe et Laureen, c\u2019est une grande histoire d\u2019amour. Laureen est du matin, mais qu\u2019on se le dise: tu auras plus de chance de la croiser en train de faire du shopping que du running ! \ud83d\udecd D\u00e9couvre la Business Functional Analyst de la #TeamFlora, fan de Kygo et de la s\u00e9rie Toy Boy. <\/strong><\/p>\n<figure class=\"video strchf-type-video regular strchf-size-regular strchf-align-center\">\n<div class=\"embed-container\">\n<div style=\"max-width: 100%; position: relative; padding-top: 74.9455%;\"><iframe style=\"position: absolute; top: 0px; left: 0px; width: 100%; height: 100%;\" src=\"https:\/\/www.youtube.com\/embed\/T-XcDFTm4-c?feature=oembed\" width=\"459\" height=\"344\" frameborder=\"0\" allowfullscreen=\"allowfullscreen\"><\/iframe><\/div>\n<\/div><figcaption><strong>Voici Laureen ! \ud83d\ude01<\/strong><\/figcaption><\/figure>\n<ul>\n<li>Pr\u00e9nom : Laureen<\/li>\n<li>Nom : Madej<\/li>\n<li>\u00c2ge : 27 ans<\/li>\n<li>Employeur : <a href=\"http:\/\/www.nrb.be\" target=\"_blank\" rel=\"noopener noreferrer\">NRB<\/a><\/li>\n<li>Fonction : Business Functional Analyst<\/li>\n<\/ul>\n<h2 id=\"79fck\">C\u2019est quoi ton r\u00f4le ?<\/h2>\n<p>En fait, je participe au d\u00e9veloppement de Flora en <em>brainstormant<\/em>, en analysant et en documentant ses fonctionnalit\u00e9s pour les d\u00e9veloppeurs techniques.<\/p>\n<h2 id=\"cnnat\">C\u2019est quoi Flora pour toi ?<\/h2>\n<p>Alors Flora pour moi &#8211; comme dirait <a href=\"https:\/\/flora.insure\/fr\/blog\/2-minutes-15-avec-fabian-de-la-teamflora\/\">Fabian<\/a> &#8211; c\u2019est le projet qui fait p\u00e9tiller mes yeux. Et donc c\u2019est un super projet avec une \u00e9quipe, avec des personnes qui viennent de tous horizons. Et, en fait, on a un seul but en commun: c\u2019est de <a href=\"https:\/\/flora.insure\/fr\/a-propos-de-flora\/\">rendre l\u2019assurance 100% digitale<\/a>, tous ensemble.<\/p>\n<figure class=\"embed strchf-type-embed regular strchf-size-regular strchf-align-center\">\n<div class=\"embed-container\">\n<div style=\"max-width: 100%; position: relative; padding-top: 65%;\"><iframe style=\"border: 0px; position: absolute; top: 0px; left: 0px; width: 100%; height: 100%;\" src=\"https:\/\/giphy.com\/embed\/100PgquHm9j3sQ\/twitter\/iframe\" width=\"400\" height=\"260\" frameborder=\"0\" scrolling=\"no\" allowfullscreen=\"allowfullscreen\"><\/iframe><\/div>\n<\/div><figcaption>Et \u00e7a, c\u2019est beau ! \ud83d\ude0d<\/figcaption><\/figure>\n<h2 id=\"8l5su\">Sex Education ou Toy Boy ?<\/h2>\n<p>Toy Boy ! J\u2019ai regard\u00e9 il y a pas longtemps : c\u2019est trop bien !<\/p>\n<h2 id=\"1sipt\">Hockey ou tennis ?<\/h2>\n<p>Ah, \u00e7a c\u2019est dur ! Hockey l\u2019hiver, tennis l\u2019\u00e9t\u00e9.<\/p>\n<figure class=\"embed strchf-type-embed regular strchf-size-regular strchf-align-center\">\n<div class=\"embed-container\">\n<div style=\"max-width: 100%; position: relative; padding-top: 100%;\"><iframe style=\"border: 0px; position: absolute; top: 0px; left: 0px; width: 100%; height: 100%;\" src=\"https:\/\/giphy.com\/embed\/3GjKth6HuhzkYbsOdt\/twitter\/iframe\" width=\"480\" height=\"480\" frameborder=\"0\" scrolling=\"no\" allowfullscreen=\"allowfullscreen\"><\/iframe><\/div>\n<\/div>\n<\/figure>\n<h2 id=\"a6krv\">Tom Boon ou John-John Dohmen ?<\/h2>\n<p>Tom Boon&#8230; Parce que j\u2019ai eu un entra\u00eenement avec lui.<\/p>\n<h2 id=\"apnri\">Grasse matin\u00e9e ou jogging matinal ?<\/h2>\n<p>Je suis du matin, mais pas de jogging le matin.<\/p>\n<h2 id=\"d59ga\">Laponie ou Alabama ?<\/h2>\n<p>Alabama. C\u2019est s\u00fbr : Alabama. Parce que j\u2019ai v\u00e9cu l\u00e0 pendant 4 mois. Alabama.<\/p>\n<figure class=\"embed strchf-type-embed regular strchf-size-regular strchf-align-center\">\n<div class=\"embed-container\">\n<div style=\"max-width: 100%; position: relative; padding-top: 75.4167%;\"><iframe style=\"border: 0px; position: absolute; top: 0px; left: 0px; width: 100%; height: 100%;\" src=\"https:\/\/giphy.com\/embed\/xT5LMxUh3pHDILCv4c\/twitter\/iframe\" width=\"480\" height=\"362\" frameborder=\"0\" scrolling=\"no\" allowfullscreen=\"allowfullscreen\"><\/iframe><\/div>\n<\/div><figcaption>&#8230; <em>Where the skies are so blue \ud83c\udfb6<\/em> Maintenant, vous avez la chanson en t\u00eate aussi !\ud83d\ude07<\/figcaption><\/figure>\n<h2 id=\"2ei6m\">Montre-nous un objet.<\/h2>\n<p>Ma petite mappemonde. J\u2019ai pris cet objet l\u00e0 en fait parce que, depuis mon Erasmus en 2014, j\u2019ai toujours fait un gros voyage par an. Donc en fait, je rajoute une petite boule \u00e0 chaque endroit o\u00f9 je suis all\u00e9e et voil\u00e0, je compl\u00e8te ma mappemonde.<\/p>\n<h2 id=\"8nrlc\">Odile ou Juliette ?<\/h2>\n<p>Odile et Juliette, ce sont mes deux chats. Juliette a 15 ans et Odile a 1 an. Je vais dire&#8230; eeeuuuh&#8230; Juliette. mais j\u2019aime bien les deux parce que ce sont mes deux b\u00e9b\u00e9s. Voil\u00e0 !<\/p>\n<h2 id=\"7dl41\">Bouquet garni ou bouquet de mari\u00e9e ?<\/h2>\n<p>Bouquet de mari\u00e9e. J\u2019ai eu pas mal de mariages l\u2019an pass\u00e9 et je me suis jet\u00e9e sur les bouquets. Et j\u2019en ai eu deux.<\/p>\n<figure class=\"embed strchf-type-embed regular strchf-size-regular strchf-align-center\">\n<div class=\"embed-container\">\n<div style=\"max-width: 100%; position: relative; padding-top: 55%;\"><iframe style=\"border: 0px; position: absolute; top: 0px; left: 0px; width: 100%; height: 100%;\" src=\"https:\/\/giphy.com\/embed\/Yh0QPNOWbDt1m\/twitter\/iframe\" width=\"420\" height=\"231\" frameborder=\"0\" scrolling=\"no\" allowfullscreen=\"allowfullscreen\"><\/iframe><\/div>\n<\/div><figcaption>On aurait aim\u00e9 voir \u00e7a! \ud83d\udc90<\/figcaption><\/figure>\n<h2 id=\"2bflh\">Flume ou Kygo ?<\/h2>\n<p>Kygo. Kygo, s\u00fbr. J\u2019adore !<\/p>\n<h2 id=\"9m466\">Peux-tu fredonner une chanson de Kygo ?<\/h2>\n<p>&#8230; <em>Still lookup, lookup, lookup&#8230;<\/em> Apr\u00e8s je ne sais pas&#8230;<\/p>\n<figure class=\"embed strchf-type-embed regular strchf-size-regular strchf-align-center\">\n<div class=\"embed-container\">\n<div style=\"max-width: 100%; position: relative; padding-top: 72%;\"><iframe style=\"border: 0px; position: absolute; top: 0px; left: 0px; width: 100%; height: 100%;\" src=\"https:\/\/giphy.com\/embed\/HHkJQvS9Q0QkU\/twitter\/iframe\" width=\"500\" height=\"360\" frameborder=\"0\" scrolling=\"no\" allowfullscreen=\"allowfullscreen\"><\/iframe><\/div>\n<\/div><figcaption>On aime ce flow ! \ud83c\udfa4<\/figcaption><\/figure>\n<h2 id=\"8pots\">Talons ou baskets ?<\/h2>\n<p>Baskets. Je suis plus \u00e0 l\u2019aise. M\u00eame si je suis petite et que des fois \u00e7a m\u2019irait mieux des talons pour me grandir un peu. Non, les baskets c\u2019est plus confortable.<\/p>\n<h2 id=\"ceamf\">Week-end \u00e0 la mer ou week-end \u00e0 la campagne ?<\/h2>\n<p>Week-end \u00e0 la mer. Et j\u2019y \u00e9tais encore le week-end pass\u00e9. J\u2019adore.<\/p>\n<h2 id=\"e7k2r\">Plage ou shopping ?<\/h2>\n<p>Shopping ! J\u2019aime trop faire les magasins. Shopping !<\/p>\n<figure class=\"embed strchf-type-embed regular strchf-size-regular strchf-align-center\">\n<div class=\"embed-container\">\n<div style=\"max-width: 100%; position: relative; padding-top: 100%;\"><iframe style=\"border: 0px; position: absolute; top: 0px; left: 0px; width: 100%; height: 100%;\" src=\"https:\/\/giphy.com\/embed\/mGKa3wpBR9XdhE4rx0\/twitter\/iframe\" width=\"480\" height=\"480\" frameborder=\"0\" scrolling=\"no\" allowfullscreen=\"allowfullscreen\"><\/iframe><\/div>\n<\/div><figcaption>Cristina Cordula n\u2019a qu\u2019\u00e0 bien se tenir ! \ud83d\udc78\ud83d\udecd<\/figcaption><\/figure>\n<h2 id=\"4ed04\">Une petite blague ?<\/h2>\n<p>C\u2019est un boeuf qui court et puis qui se viande.<br \/>\n&#8211; C\u2019est super nul !<\/p>\n<figure class=\"embed strchf-type-embed regular strchf-size-regular strchf-align-center\">\n<div class=\"embed-container\">\n<div style=\"max-width: 100%; position: relative; padding-top: 56.25%;\"><iframe style=\"border: 0px; position: absolute; top: 0px; left: 0px; width: 100%; height: 100%;\" src=\"https:\/\/giphy.com\/embed\/cOVI5DhsKmTQyOpjpi\/twitter\/iframe\" width=\"480\" height=\"270\" frameborder=\"0\" scrolling=\"no\" allowfullscreen=\"allowfullscreen\"><\/iframe><\/div>\n<\/div><figcaption>Roger et Rafael remercient Laureen pour ce fou rire ! \ud83e\udd23<\/figcaption><\/figure>\n<blockquote><p><strong>Tu veux aussi une vid\u00e9o comme celle-ci ? Viens rejoindre la #TeamFlora, regarde la page <a href=\"https:\/\/flora.insure\/fr\/jobs\/\" target=\"_blank\" rel=\"noopener noreferrer\">Travailler chez Flora<\/a> pour voir les jobs pour lesquels nous recrutons en ce moment.<\/strong><\/p><\/blockquote>\n<p><!-- strchf script --><script>if(window.strchfSettings === undefined) window.strchfSettings = {};window.strchfSettings.stats = {url: \"https:\/\/flora.storychief.io\/fr\/team-flora-assurance-laureen?id=1091775266&type=2\",title: \"2 minutes 58 avec Laureen de la #TeamFlora\",id: \"9c0492cc-e256-44b8-852d-57b94f5c05f2\"};(function(d, s, id) {var js, sjs = d.getElementsByTagName(s)[0];if (d.getElementById(id)) {window.strchf.update(); return;}js = d.createElement(s); js.id = id;js.src = \"https:\/\/d37oebn0w9ir6a.cloudfront.net\/scripts\/v0\/strchf.js\";js.async = true;sjs.parentNode.insertBefore(js, sjs);}(document, 'script', 'storychief-jssdk'))<\/script><!-- End strchf script --><\/p>\n","protected":false},"excerpt":{"rendered":"<p>D\u00e9couvrez Laureen, la Business Functional Analyst de la #TeamFlora, fan inconditionnelle de shopping et de l&rsquo;Alabama. \ud83d\ude04<\/p>\n","protected":false},"author":7,"featured_media":1949,"comment_status":"open","ping_status":"open","sticky":false,"template":"","format":"standard","meta":{"_acf_changed":false,"_seopress_robots_primary_cat":"none","_seopress_titles_title":"Flora Insurance \u2022 2 minutes 58 avec Laureen de la #TeamFlora","_seopress_titles_desc":"D\u00e9couvrez Laureen, la Businness Functional Analyst de la #TeamFlora, fan inconditionnelle de shopping et de l'Alabama. \ud83d\ude04","_seopress_robots_index":"yes","footnotes":""},"categories":[138],"tags":[38,37,39],"class_list":["post-1947","post","type-post","status-publish","format-standard","has-post-thumbnail","hentry","category-a-propos-de-flora","tag-employee-interview-fr","tag-teamflora-fr","tag-video-fr"],"acf":[],"_links":{"self":[{"href":"https:\/\/flora.insure\/fr\/wp-json\/wp\/v2\/posts\/1947","targetHints":{"allow":["GET"]}}],"collection":[{"href":"https:\/\/flora.insure\/fr\/wp-json\/wp\/v2\/posts"}],"about":[{"href":"https:\/\/flora.insure\/fr\/wp-json\/wp\/v2\/types\/post"}],"author":[{"embeddable":true,"href":"https:\/\/flora.insure\/fr\/wp-json\/wp\/v2\/users\/7"}],"replies":[{"embeddable":true,"href":"https:\/\/flora.insure\/fr\/wp-json\/wp\/v2\/comments?post=1947"}],"version-history":[{"count":0,"href":"https:\/\/flora.insure\/fr\/wp-json\/wp\/v2\/posts\/1947\/revisions"}],"wp:featuredmedia":[{"embeddable":true,"href":"https:\/\/flora.insure\/fr\/wp-json\/wp\/v2\/media\/1949"}],"wp:attachment":[{"href":"https:\/\/flora.insure\/fr\/wp-json\/wp\/v2\/media?parent=1947"}],"wp:term":[{"taxonomy":"category","embeddable":true,"href":"https:\/\/flora.insure\/fr\/wp-json\/wp\/v2\/categories?post=1947"},{"taxonomy":"post_tag","embeddable":true,"href":"https:\/\/flora.insure\/fr\/wp-json\/wp\/v2\/tags?post=1947"}],"curies":[{"name":"wp","href":"https:\/\/api.w.org\/{rel}","templated":true}]}}