{"id":19243,"date":"2023-08-09T08:54:24","date_gmt":"2023-08-09T06:54:24","guid":{"rendered":"https:\/\/flora.insure\/?p=19243"},"modified":"2025-07-18T15:13:52","modified_gmt":"2025-07-18T13:13:52","slug":"modele-lettre-renon-locataire-belgique","status":"publish","type":"post","link":"https:\/\/flora.insure\/fr\/blog\/modele-lettre-renon-locataire-belgique\/","title":{"rendered":"Mod\u00e8le \u00e0 t\u00e9l\u00e9charger : Lettre de renon locataire en Belgique (2025)"},"content":{"rendered":"<p>Lors de la r\u00e9siliation d&rsquo;un bail en Belgique, l&rsquo;envoi d&rsquo;une <strong>mod\u00e8le lettre de renon par le locataire en Belgique<\/strong> est une \u00e9tape essentielle. Cette lettre doit \u00eatre envoy\u00e9e au propri\u00e9taire pour d\u00e9clencher le d\u00e9but de la p\u00e9riode de pr\u00e9avis, durant laquelle le locataire doit organiser son d\u00e9m\u00e9nagement. Dans cet article, nous te proposons un mod\u00e8le de lettre de r\u00e9siliation \u00e0 envoyer par le locataire en Belgique (version 2025) \ud83d\udc47<\/p>\n<h2><strong>Mod\u00e8le gratuit de lettre de renon pour locataire en Belgique<\/strong><\/h2>\n<p>Voici <strong>un mod\u00e8le de lettre de renon <\/strong>\u00e0 t\u00e9l\u00e9charger pour les <a href=\"https:\/\/flora.insure\/fr\/blog\/droit-locataires-belgique\/\">locataires<\/a> qui vivent en Belgique et qui d\u00e9sirent r\u00e9silier leur bail locatif.<\/p>\n<p><a style=\"display: block; height: 85px; width: 300px; background: #7CC45C; color: #ffffff; text-align: center; font-weight: bold; font-size: 90%; line-height: 100px; font-family: Poppins; border-radius: 20px; text-decoration: none;\" href=\"https:\/\/flora.insure\/fr\/modeles-documents\/lettre-renon\/\">T\u00e9l\u00e9charge maintenant ta lettre de r\u00e9siliation \ud83e\udd18<\/a><\/p>\n<h2>Comment r\u00e9diger ta lettre de r\u00e9siliation \u00e9tape par \u00e9tape ?<\/h2>\n<p>La<strong> lettre de r\u00e9siliation de bail<\/strong>, \u00e9galement connue sous le nom de <strong>lettre de renon<\/strong>, est un document essentiel que tout locataire en Belgique doit savoir r\u00e9diger pour mettre fin \u00e0 son contrat de location dans les r\u00e8gles.<\/p>\n<p>Que ce soit pour un <a href=\"https:\/\/flora.insure\/fr\/blog\/demenagement-transferer-contrat-assurance-habitation\/\">d\u00e9m\u00e9nagement<\/a> ou une nouvelle situation, bien r\u00e9diger cette lettre est crucial pour \u00e9viter les malentendus avec le <strong>propri\u00e9taire<\/strong> et respecter les obligations l\u00e9gales \u2696\ufe0f<\/p>\n<h3>Les \u00e9l\u00e9ments cl\u00e9s \u00e0 inclure dans ta lettre de r\u00e9siliation :<\/h3>\n<ol>\n<li><strong>Les coordonn\u00e9es compl\u00e8tes du locataire<\/strong> : Indique ton nom, ton adresse actuelle, et ton num\u00e9ro de t\u00e9l\u00e9phone afin que le propri\u00e9taire puisse te joindre facilement.<\/li>\n<li><strong>Les coordonn\u00e9es exactes du propri\u00e9taire<\/strong> : N&rsquo;oublie pas d&rsquo;ajouter le nom et l&rsquo;adresse compl\u00e8te de ton <strong>propri\u00e9taire<\/strong> pour que la lettre soit bien adress\u00e9e.<\/li>\n<li><strong>La date de r\u00e9daction de la lettre<\/strong> : La date de r\u00e9daction marque le <a href=\"https:\/\/flora.insure\/fr\/blog\/resilier-bail-location\/\"><strong>d\u00e9but du pr\u00e9avis<\/strong><\/a>. Assure-toi qu&rsquo;elle est clairement indiqu\u00e9e, car elle d\u00e9termine la dur\u00e9e du pr\u00e9avis de 3 mois.<\/li>\n<li><strong>L&rsquo;objet de la lettre<\/strong> : Sois pr\u00e9cis et mentionne clairement que tu souhaites <strong>r\u00e9silier le bail de location<\/strong>. Cela permet au destinataire de comprendre imm\u00e9diatement le but de ta lettre.<\/li>\n<li><strong>Les disponibilit\u00e9s pour les d\u00e9marches de d\u00e9part<\/strong> : Pr\u00e9cise tes disponibilit\u00e9s pour organiser l&rsquo;<strong>\u00e9tat des lieux de sortie<\/strong> et la <strong>remise des cl\u00e9s<\/strong>. Cette \u00e9tape est cruciale pour \u00e9viter toute ambigu\u00eft\u00e9 sur la fin de ton occupation.<\/li>\n<li><strong>Ta signature<\/strong> : N&rsquo;oublie pas de signer la lettre \u00e0 la fin pour valider la r\u00e9siliation.<\/li>\n<\/ol>\n<p>En Belgique, tu n&rsquo;es pas oblig\u00e9 de fournir une<strong> justification<\/strong> pour <strong>r\u00e9silier ton bail \u274c<\/strong><\/p>\n<p>Ta <strong>lettre de renon<\/strong> doit \u00eatre claire et concise, sans mentionner les raisons de ton d\u00e9part. Cela te permet de rester dans les r\u00e8gles sans entrer dans des d\u00e9tails personnels.<\/p>\n<p>Pour \u00e9viter de te prendre la t\u00eate, utilise une <strong><a href=\"https:\/\/www.lebonbail.be\/modeles-de-documents\/resiliation-du-bail-a-l-initiative-du-locataire\" target=\"_blank\" rel=\"noopener\">lettre type<\/a> pour la r\u00e9siliation de bail en Belgique<\/strong> pr\u00e9remplie, adapt\u00e9e aux locataires.<\/p>\n<figure class=\"image strchf-type-image regular strchf-size-regular strchf-align-center\"><picture><source srcset=\"https:\/\/flora.insure\/wp-content\/uploads\/2023\/08\/BLOG-image-dans-article-2022-799-x-533-px-4.jpg 1x\" media=\"(max-width: 768px)\" \/><source srcset=\"https:\/\/flora.insure\/wp-content\/uploads\/2023\/08\/BLOG-image-dans-article-2022-799-x-533-px-4.jpg 1x\" media=\"(min-width: 769px)\" \/><img decoding=\"async\" src=\"https:\/\/flora.insure\/wp-content\/uploads\/2023\/08\/BLOG-image-dans-article-2022-799-x-533-px-4.jpg\" alt=\"Lettre de renon dans une enveloppe\" \/><\/picture><figcaption>N&rsquo;oublie pas d&rsquo;acheter des timbres !<\/figcaption><\/figure>\n<h2><strong>Comment r\u00e9silier un bail de location en Belgique\u00a0?<\/strong><\/h2>\n<h3>R\u00e9siliation par le locataire<\/h3>\n<p>Pour <strong>r\u00e9silier un bail de location<\/strong> en Belgique en tant que <strong>locataire<\/strong>, tu dois suivre un processus pr\u00e9cis pour \u00e9viter tout litige avec ton propri\u00e9taire.<\/p>\n<ol>\n<li><strong>R\u00e9diger une lettre de renon \u270d\ufe0f<\/strong>\n<ul>\n<li>Indique clairement ton intention de mettre fin au contrat de location.<\/li>\n<li>Pr\u00e9cise la date exacte \u00e0 laquelle tu souhaites quitter les lieux.<\/li>\n<li>Conserve une copie de cette lettre et envoie-la de pr\u00e9f\u00e9rence par lettre recommand\u00e9e avec accus\u00e9 de r\u00e9ception.<\/li>\n<\/ul>\n<\/li>\n<li><strong>Respecter le d\u00e9lai de pr\u00e9avis \u23f1\ufe0f<\/strong>\n<ul>\n<li>En g\u00e9n\u00e9ral, le d\u00e9lai de pr\u00e9avis est de<a href=\"https:\/\/www.notaire.be\/immobilier\/publications\/downloads\/143\" target=\"_blank\" rel=\"noopener\"> trois mois<\/a> avant la date d&rsquo;anniversaire de ton contrat de bail.<\/li>\n<li>Note que toute r\u00e9siliation anticip\u00e9e peut entra\u00eener des <a href=\"https:\/\/flora.insure\/fr\/blog\/resilier-bail-location\/\">indemnit\u00e9s<\/a> \u00e0 payer \u00e0 ton propri\u00e9taire.<\/li>\n<\/ul>\n<\/li>\n<li><strong>V\u00e9rifier les obligations contractuelles \ud83e\uddd0<\/strong>\n<ul>\n<li>Assure-toi de respecter toutes les obligations contractuelles avant de quitter les lieux, comme les r\u00e9parations \u00e9ventuelles ou le nettoyage n\u00e9cessaire pour <a href=\"https:\/\/flora.insure\/fr\/blog\/recuperer-garantie-locative\/\">r\u00e9cup\u00e9rer<\/a> ton d\u00e9p\u00f4t de garantie.<\/li>\n<\/ul>\n<\/li>\n<\/ol>\n<p>Apr\u00e8s r\u00e9ception, <strong>le propri\u00e9taire bailleur<\/strong> aura un d\u00e9lai de 15 jours pour confirmer <strong>la r\u00e9ception de la lettre de r\u00e9siliation<\/strong>. S\u2019il \u00e9met des remarques, il devra \u00e9galement le faire dans les 15 jours suivant la notification de d\u00e9part.<\/p>\n<figure class=\"embed strchf-type-embed regular strchf-size-regular strchf-align-center\">\n<div class=\"embed-container\">\n<div style=\"max-width: 100%; position: relative; padding-top: 42.0833%;\"><iframe style=\"border: 0px; position: absolute; top: 0px; left: 0px; width: 100%; height: 100%;\" src=\"https:\/\/giphy.com\/embed\/8qF4D89rTDYxmNZLFb\/twitter\/iframe\" width=\"480\" height=\"202\" frameborder=\"0\" scrolling=\"no\" allowfullscreen=\"allowfullscreen\"><\/iframe><\/div>\n<\/div>\n<\/figure>\n<p>&nbsp;<\/p>\n<h3>R\u00e9siliation par le propri\u00e9taire<\/h3>\n<p>Si tu es locataire en Belgique et que ton <a href=\"https:\/\/flora.insure\/fr\/blog\/fin-bail-locatif-preavis-proprietaire-belgique\/\"><strong>propri\u00e9taire<\/strong><\/a> souhaite <strong>r\u00e9silier ton bail<\/strong>, voici ce qu&rsquo;il doit faire pour une r\u00e9siliation en bonne et due forme :<\/p>\n<p><strong>1. Envoyer une notification de r\u00e9siliation<\/strong><\/p>\n<ul>\n<li>Ton propri\u00e9taire doit t&rsquo;informer par \u00e9crit de sa d\u00e9cision de <strong>mettre fin au bail<\/strong>.<\/li>\n<li>La r\u00e9siliation par le propri\u00e9taire ne peut se faire<strong> sans motif valable<\/strong>, sinon il pourrait \u00eatre tenu de te verser des indemnit\u00e9s. Les motifs valables incluent l&rsquo;occupation personnelle (ou par un membre de sa famille) ou des travaux n\u00e9cessitant la vacance du logement.<\/li>\n<li>Pour un<strong> bail de courte dur\u00e9e<\/strong>, le propri\u00e9taire ne peut pas r\u00e9silier le bail durant la premi\u00e8re ann\u00e9e de location. Dans le cadre d&rsquo;un bail de <strong>longue dur\u00e9e<\/strong>, il doit respecter des d\u00e9lais sp\u00e9cifiques (r\u00e9siliation possible apr\u00e8s chaque triennat).<\/li>\n<li>La notification doit respecter un <a href=\"https:\/\/flora.insure\/fr\/blog\/fin-bail-locatif-preavis-proprietaire-belgique\/\"><strong>d\u00e9lai de pr\u00e9avis<\/strong><\/a> sp\u00e9cifique, qui varie en fonction de la dur\u00e9e de ton contrat de location :<\/li>\n<\/ul>\n<table>\n<tbody>\n<tr>\n<td>Dur\u00e9e du contrat de bail<\/td>\n<td>Dur\u00e9e de pr\u00e9avis<\/td>\n<\/tr>\n<tr>\n<td>Bail de courte dur\u00e9e (3 ans)<\/td>\n<td>3 mois<\/td>\n<\/tr>\n<tr>\n<td>Bail de longue dur\u00e9e (9 ans)<\/td>\n<td>6 mois<\/td>\n<\/tr>\n<\/tbody>\n<\/table>\n<p><strong>2. Respecter les d\u00e9lais l\u00e9gaux<\/strong><\/p>\n<ul>\n<li>Tu as le droit de rester dans le<strong> logement<\/strong> jusqu&rsquo;\u00e0 la fin du d\u00e9lai de pr\u00e9avis stipul\u00e9 dans la notification de r\u00e9siliation.<\/li>\n<li>Pendant cette p\u00e9riode, discute avec ton propri\u00e9taire des conditions de <strong>remise des cl\u00e9s<\/strong> et de l&rsquo;<strong>\u00e9tat des lieux de sortie<\/strong>.<\/li>\n<li>Assure-toi de bien comprendre toutes les exigences pour r\u00e9cup\u00e9rer ton <strong>d\u00e9p\u00f4t de garantie<\/strong>.<\/li>\n<\/ul>\n<h2 class=\"\" data-start=\"174\" data-end=\"269\"><strong data-start=\"183\" data-end=\"269\">Les erreurs fr\u00e9quentes \u00e0 \u00e9viter lors d&rsquo;une r\u00e9siliation de bail<\/strong><\/h2>\n<p class=\"\" data-start=\"309\" data-end=\"583\">M\u00eame si la r\u00e9siliation d\u2019un bail locatif semble simple en Belgique, certaines erreurs peuvent entra\u00eener des <strong>complications juridiques<\/strong>, des <strong>frais inattendus<\/strong> ou des <strong>conflits<\/strong> avec le propri\u00e9taire.<\/p>\n<p class=\"\" data-start=\"309\" data-end=\"583\">Voici les pi\u00e8ges les plus courants \u00e0 \u00e9viter pour r\u00e9silier ton bail sans stress \ud83d\udc47<\/p>\n<h3 class=\"\" data-start=\"585\" data-end=\"653\">\ud83d\udcec Envoyer une lettre sans recommand\u00e9 avec accus\u00e9 de r\u00e9ception<\/h3>\n<p class=\"\" data-start=\"654\" data-end=\"876\">Cela peut sembler anodin, mais envoyer ta<strong> lettre de renon par simple courrier<\/strong> est une erreur fr\u00e9quente.<br data-start=\"757\" data-end=\"760\" \/>\u27a1\ufe0f Sans preuve de r\u00e9ception, tu risques de ne pas pouvoir faire valoir la date de d\u00e9but du pr\u00e9avis en cas de litige.<\/p>\n<h3 class=\"\" data-start=\"878\" data-end=\"931\">\u23f3 Se tromper dans le calcul du d\u00e9lai de pr\u00e9avis<\/h3>\n<p class=\"\" data-start=\"932\" data-end=\"1159\">Beaucoup de locataires pensent que le pr\u00e9avis commence \u00e0 la date d\u2019envoi de la lettre.<br data-start=\"1018\" data-end=\"1021\" \/>\u27a1\ufe0f En r\u00e9alit\u00e9, le pr\u00e9avis commence <strong data-start=\"1056\" data-end=\"1102\">\u00e0 la date de r\u00e9ception par le propri\u00e9taire<\/strong>. Anticipe donc l\u2019envoi pour respecter les d\u00e9lais l\u00e9gaux.<\/p>\n<h3 class=\"\" data-start=\"1161\" data-end=\"1206\">\ud83d\udee0\ufe0f N\u00e9gliger l\u2019\u00e9tat des lieux de sortie<\/h3>\n<p class=\"\" data-start=\"1207\" data-end=\"1406\">L\u2019<a href=\"https:\/\/flora.insure\/fr\/blog\/etat-des-lieux-la-check-list-ultime-pour-bien-se-preparer\/\"><strong>\u00e9tat des lieux de sortie<\/strong><\/a> est une \u00e9tape indispensable.<br data-start=\"1260\" data-end=\"1263\" \/>\u27a1\ufe0f S\u2019il n\u2019est pas r\u00e9alis\u00e9 ou mal organis\u00e9, le propri\u00e9taire peut retenir tout ou partie de ta <a href=\"https:\/\/flora.insure\/fr\/blog\/recuperer-garantie-locative\/\">garantie locative<\/a> pour couvrir d\u2019\u00e9ventuels d\u00e9g\u00e2ts.<\/p>\n<h3 class=\"\" data-start=\"1408\" data-end=\"1475\">\ud83d\udcc5 Ne pas v\u00e9rifier les clauses sp\u00e9cifiques du contrat de bail<\/h3>\n<p class=\"\" data-start=\"1476\" data-end=\"1716\">Chaque contrat peut contenir des particularit\u00e9s : <strong>dur\u00e9e minimale<\/strong> d\u2019occupation, <strong>indemnit\u00e9s<\/strong> en cas de d\u00e9part anticip\u00e9, etc.<br data-start=\"1597\" data-end=\"1600\" \/>\u27a1\ufe0f Lis bien ton contrat avant de notifier la r\u00e9siliation, surtout si tu quittes les lieux dans les premi\u00e8res ann\u00e9es.<\/p>\n<figure class=\"image strchf-type-image regular strchf-size-regular strchf-align-center\"><picture><source srcset=\"https:\/\/flora.insure\/wp-content\/uploads\/2024\/06\/resiliation-bail-modele-lettre.jpg 1x\" media=\"(max-width: 768px)\" \/><source srcset=\"https:\/\/flora.insure\/wp-content\/uploads\/2024\/06\/resiliation-bail-modele-lettre.jpg 1x\" media=\"(min-width: 769px)\" \/><img decoding=\"async\" src=\"https:\/\/flora.insure\/wp-content\/uploads\/2024\/06\/resiliation-bail-modele-lettre.jpg\" alt=\"Propri\u00e9taire et locataire se serrent la main apr\u00e8s avoir sign\u00e9 la fin du contrat de bail d'une maison\" \/><\/picture><\/figure>\n<p>Mettre fin \u00e0 un bail locatif n&rsquo;est pas difficile, il suffit de suivre les \u00e9tapes cl\u00e9s. En tant que locataire, tu as la responsabilit\u00e9 de notifier ton propri\u00e9taire de ton souhait de quitter la location en envoyant une lettre de r\u00e9siliation. N&rsquo;oublie pas de respecter la dur\u00e9e de pr\u00e9avis et de remettre ton logement en bon \u00e9tat. Pour t&rsquo;aider dans cette d\u00e9marche, consulte notre <strong>mod\u00e8le lettre de renon pour les locataires qui vivent en Belgique.<\/strong><\/p>\n","protected":false},"excerpt":{"rendered":"<p>T\u00e9l\u00e9charge ce mod\u00e8le gratuit de lettre de renon de bail locatif pour une r\u00e9siliation faite par le locataire en Belgique. D\u00e9couvre toutes les d\u00e9marches \u00e0 respecter pour envoyer une lettre de r\u00e9siliation de ton contrat de bail dans les r\u00e8gles de l&rsquo;art\ud83d\udc47<\/p>\n","protected":false},"author":27,"featured_media":19351,"comment_status":"closed","ping_status":"open","sticky":false,"template":"","format":"standard","meta":{"_acf_changed":false,"_seopress_robots_primary_cat":"none","_seopress_titles_title":"Mod\u00e8le \u00e0 t\u00e9l\u00e9charger : Lettre de renon locataire en Belgique (%%currentyear%%)","_seopress_titles_desc":"T\u00e9l\u00e9charge gratuitement un mod\u00e8le de lettre de renon pour r\u00e9silier ton bail si tu es locataire en Belgique. Pr\u00eate \u00e0 envoyer en 1 min.","_seopress_robots_index":"","footnotes":""},"categories":[130],"tags":[],"class_list":["post-19243","post","type-post","status-publish","format-standard","has-post-thumbnail","hentry","category-vie-en-location"],"acf":[],"_links":{"self":[{"href":"https:\/\/flora.insure\/fr\/wp-json\/wp\/v2\/posts\/19243","targetHints":{"allow":["GET"]}}],"collection":[{"href":"https:\/\/flora.insure\/fr\/wp-json\/wp\/v2\/posts"}],"about":[{"href":"https:\/\/flora.insure\/fr\/wp-json\/wp\/v2\/types\/post"}],"author":[{"embeddable":true,"href":"https:\/\/flora.insure\/fr\/wp-json\/wp\/v2\/users\/27"}],"replies":[{"embeddable":true,"href":"https:\/\/flora.insure\/fr\/wp-json\/wp\/v2\/comments?post=19243"}],"version-history":[{"count":0,"href":"https:\/\/flora.insure\/fr\/wp-json\/wp\/v2\/posts\/19243\/revisions"}],"wp:featuredmedia":[{"embeddable":true,"href":"https:\/\/flora.insure\/fr\/wp-json\/wp\/v2\/media\/19351"}],"wp:attachment":[{"href":"https:\/\/flora.insure\/fr\/wp-json\/wp\/v2\/media?parent=19243"}],"wp:term":[{"taxonomy":"category","embeddable":true,"href":"https:\/\/flora.insure\/fr\/wp-json\/wp\/v2\/categories?post=19243"},{"taxonomy":"post_tag","embeddable":true,"href":"https:\/\/flora.insure\/fr\/wp-json\/wp\/v2\/tags?post=19243"}],"curies":[{"name":"wp","href":"https:\/\/api.w.org\/{rel}","templated":true}]}}