{"id":19146,"date":"2023-07-31T16:23:13","date_gmt":"2023-07-31T14:23:13","guid":{"rendered":"https:\/\/flora.insure\/?p=19146"},"modified":"2023-11-27T11:27:08","modified_gmt":"2023-11-27T10:27:08","slug":"consommation-eau-famille-4-personnes-belgique","status":"publish","type":"post","link":"https:\/\/flora.insure\/fr\/blog\/consommation-eau-famille-4-personnes-belgique\/","title":{"rendered":"Consommation moyenne eau famille 4 personnes en Belgique"},"content":{"rendered":"<p><strong>La consommation moyenne en eau pour une famille de 4 personnes<\/strong> est de 136 m\u00b3 par an en Belgique. Cela \u00e9quivaut \u00e0 136.000 litres d\u2019eau par an. En gros, \u00e7a repr\u00e9sente plus de 1.000 bains par an \ud83d\ude31 Mais comment calcule-t-on une consommation d\u2019eau ? Comment r\u00e9ussir \u00e0 r\u00e9duire ta facture en eau ? On t\u2019explique tout sur la consommation moyenne d\u2019eau en Belgique<\/p>\n<h2><strong>Comment calculer la consommation d\u2019eau en Belgique ?<\/strong><\/h2>\n<p>En Belgique, le prix de l\u2019eau inclut le prix de la mati\u00e8re, de distribution et d\u2019assainissement. Sans oublier la TVA et les redevances\u00a0!<\/p>\n<p><strong>La consommation moyenne<\/strong> d\u2019un Belge s\u2019\u00e9l\u00e8ve \u00e0 <strong>96 litres par jour \ud83d\udca7\ud83c\udde7\ud83c\uddea<\/strong><\/p>\n<p>Il est important de rappeler que <strong>le calcul de la consommation d\u2019eau<\/strong> d\u00e9pend de diff\u00e9rents \u00e9l\u00e9ments\u00a0:<\/p>\n<ul>\n<li><strong>La situation socio-\u00e9conomique<\/strong> du m\u00e9nage<\/li>\n<li><strong>La composition du m\u00e9nage<\/strong> (une famille de 4 personnes ne consommera pas la m\u00eame quantit\u00e9 qu&rsquo;un couple)<\/li>\n<li><strong>La r\u00e9gion<\/strong><\/li>\n<\/ul>\n<p><strong>La consommation en eau<\/strong> varie grandement d\u2019une r\u00e9gion \u00e0 une autre :<\/p>\n<ul>\n<li>En <strong>Wallonie<\/strong>, la consommation est estim\u00e9e par SWDE \u00e0 <strong>119 litres\/jour par habitant<\/strong><\/li>\n<li>En <strong>Flandre<\/strong>, la consommation est estim\u00e9e par SWDE \u00e0 <strong>99 litres\/jour par habitant<\/strong><\/li>\n<li>\u00c0 <strong>Bruxelles<\/strong>, la consommation est estim\u00e9e par SWDE \u00e0 <strong>101 litres\/jour par habitant<\/strong><\/li>\n<\/ul>\n<figure class=\"image strchf-type-image regular strchf-size-regular strchf-align-center\"><picture><source srcset=\"https:\/\/flora.insure\/wp-content\/uploads\/2023\/07\/BLOG-image-dans-article-2022-799-x-533-px-7.jpg 1x\" media=\"(max-width: 768px)\" \/><source srcset=\"https:\/\/flora.insure\/wp-content\/uploads\/2023\/07\/BLOG-image-dans-article-2022-799-x-533-px-7.jpg 1x\" media=\"(min-width: 769px)\" \/><img decoding=\"async\" src=\"https:\/\/flora.insure\/wp-content\/uploads\/2023\/07\/BLOG-image-dans-article-2022-799-x-533-px-7.jpg\" alt=\"Robinet\" \/><\/picture><figcaption>En Belgique, tout est une question de r\u00e9gions. M\u00eame ta consommation d&rsquo;eau !<\/figcaption><\/figure>\n<h2><strong>Quelle est la consommation moyenne d\u2019un c\u00e9libataire ?<\/strong><\/h2>\n<p>Selon <a href=\"http:\/\/www.belgaqua.be\/\" target=\"_blank\" rel=\"noopener\">Belgaqua<\/a>, <strong>la consommation moyenne d\u2019eau<\/strong> d\u2019<strong>une personne c\u00e9libataire<\/strong> est de<strong> 34 m\u00b3 par an<\/strong>.<\/p>\n<h2><strong>Quelle est la consommation moyenne d\u2019un couple ?<\/strong><\/h2>\n<p>Selon Belgaqua, <strong>la consommation moyenne d\u2019eau<\/strong> d\u2019<strong>un couple<\/strong> est de <strong>68 m\u00b3 par an<\/strong>.<\/p>\n<h2><strong>Quelle est la consommation moyenne d\u2019eau d\u2019une famille de 4 personnes ?<\/strong><\/h2>\n<p>Selon Belgaqua, <strong>la consommation moyenne d\u2019eau d\u2019une famille de 4 personnes en Belgique<\/strong> est de <strong>136 m\u00b3 par an<\/strong>.<\/p>\n<figure class=\"embed strchf-type-embed regular strchf-size-regular strchf-align-center\">\n<div class=\"embed-container\">\n<div style=\"max-width: 100%; position: relative; padding-top: 42.0833%;\"><iframe style=\"border: 0px; position: absolute; top: 0px; left: 0px; width: 100%; height: 100%;\" src=\"https:\/\/giphy.com\/embed\/WZzVrua0dhW5q\/twitter\/iframe\" width=\"480\" height=\"202\" frameborder=\"0\" scrolling=\"no\" allowfullscreen=\"allowfullscreen\"><\/iframe><\/div>\n<\/div>\n<\/figure>\n<h2><strong>Comment baisser ma facture d\u2019eau ? <\/strong><\/h2>\n<p>Pour r\u00e9duire la consommation d\u2019eau, il faut d\u2019abord identifier<strong> les postes les plus \u00e9nergivores<\/strong> au quotidien.<\/p>\n<p>Belgaqua estime que <strong>95% de notre consommation d\u2019eau<\/strong> est li\u00e9 \u00e0 <strong>l\u2019entretien<\/strong> : bain, douche, chasse d\u2019eau et lessive \ud83d\udebf<\/p>\n<p>Sans surprise, <strong>les \u00e9quipements sanitaires<\/strong> sont les plus gourmands en eau. Il est bien connu que <strong>les bains<\/strong> et <strong>les douches<\/strong> n\u00e9cessitent une grande quantit\u00e9 d\u2019eau (120 litres pour un bain et 60 litres pour une douche).<\/p>\n<p><strong>Comment agir\u00a0?<\/strong><\/p>\n<ul>\n<li>Privil\u00e9gier les douches plut\u00f4t que les bains \ud83d\udec1<\/li>\n<li>Opter pour une chasse d\u2019eau double poussoir, qui permet d\u2019\u00e9conomiser 5 litres par chasse \ud83d\udebd<\/li>\n<li>Choisir un pommeau de douche \u00e9conomique \ud83d\udebf<\/li>\n<li>Installer <a href=\"https:\/\/www.hubo.be\/fr\/a\/sanitaire\/robinetterie\/accessoires-robinets\/brise-jet\/\" target=\"_blank\" rel=\"noopener\">un robinet mousseur<\/a>, qui m\u00e9lange de l\u2019air et de l\u2019eau afin de diminuer la quantit\u00e9 d\u2019eau utilis\u00e9e \ud83d\udca7<\/li>\n<li>Investir dans une citerne d\u2019eau de pluie \u2614\ufe0f<\/li>\n<\/ul>\n<figure class=\"image strchf-type-image regular strchf-size-regular strchf-align-center\"><picture><source srcset=\"https:\/\/flora.insure\/wp-content\/uploads\/2023\/07\/BLOG-image-dans-article-2022-799-x-533-px-1-7.jpg 1x\" media=\"(max-width: 768px)\" \/><source srcset=\"https:\/\/flora.insure\/wp-content\/uploads\/2023\/07\/BLOG-image-dans-article-2022-799-x-533-px-1-7.jpg 1x\" media=\"(min-width: 769px)\" \/><img decoding=\"async\" src=\"https:\/\/flora.insure\/wp-content\/uploads\/2023\/07\/BLOG-image-dans-article-2022-799-x-533-px-1-7.jpg\" alt=\"Citernes d'eau de pluie vertes install\u00e9es en dehors d'une maison\" \/><\/picture><\/figure>\n<p>Il n&rsquo;a jamais \u00e9t\u00e9 aussi important de r\u00e9aliser des \u00e9conomies. L&rsquo;inflation actuelle n&rsquo;\u00e9pargne personne. Beaucoup d\u00e9cident de veiller de pr\u00e8s \u00e0 <a href=\"https:\/\/flora.insure\/fr\/blog\/baisser-facture-electricite\/\">leur consommation d&rsquo;\u00e9lectricit\u00e9<\/a>, de gaz et d&rsquo;eau. C&rsquo;est normal ! En connaissant <strong>la consommation moyenne d&rsquo;eau<\/strong> <strong>d&rsquo;une personne<\/strong> ou<strong> d&rsquo;une famille de 4 personnes en Belgique<\/strong>, il sera plus facile d&rsquo;entreprendre des actions concr\u00e8tes au quotidien.<\/p>\n","protected":false},"excerpt":{"rendered":"<p>Quelle est la consommation moyenne d&rsquo;eau d&rsquo;une famille de 4 personnes en Belgique ? Et pour un couple ? On t&rsquo;explique comment est calcul\u00e9e ta consommation d&rsquo;eau et comment baisser ta facture d&rsquo;eau ?<\/p>\n","protected":false},"author":27,"featured_media":19165,"comment_status":"closed","ping_status":"open","sticky":false,"template":"","format":"standard","meta":{"_acf_changed":false,"_seopress_robots_primary_cat":"none","_seopress_titles_title":"Consommation moyenne eau Belgique pour famille 4 personnes ","_seopress_titles_desc":"La consommation moyenne d&#039;eau d&#039;une famille de 4 personnes en Belgique est de 136 m\u00b3 par an.","_seopress_robots_index":"","footnotes":""},"categories":[134],"tags":[],"class_list":["post-19146","post","type-post","status-publish","format-standard","has-post-thumbnail","hentry","category-vie-de-famille"],"acf":[],"_links":{"self":[{"href":"https:\/\/flora.insure\/fr\/wp-json\/wp\/v2\/posts\/19146","targetHints":{"allow":["GET"]}}],"collection":[{"href":"https:\/\/flora.insure\/fr\/wp-json\/wp\/v2\/posts"}],"about":[{"href":"https:\/\/flora.insure\/fr\/wp-json\/wp\/v2\/types\/post"}],"author":[{"embeddable":true,"href":"https:\/\/flora.insure\/fr\/wp-json\/wp\/v2\/users\/27"}],"replies":[{"embeddable":true,"href":"https:\/\/flora.insure\/fr\/wp-json\/wp\/v2\/comments?post=19146"}],"version-history":[{"count":0,"href":"https:\/\/flora.insure\/fr\/wp-json\/wp\/v2\/posts\/19146\/revisions"}],"wp:featuredmedia":[{"embeddable":true,"href":"https:\/\/flora.insure\/fr\/wp-json\/wp\/v2\/media\/19165"}],"wp:attachment":[{"href":"https:\/\/flora.insure\/fr\/wp-json\/wp\/v2\/media?parent=19146"}],"wp:term":[{"taxonomy":"category","embeddable":true,"href":"https:\/\/flora.insure\/fr\/wp-json\/wp\/v2\/categories?post=19146"},{"taxonomy":"post_tag","embeddable":true,"href":"https:\/\/flora.insure\/fr\/wp-json\/wp\/v2\/tags?post=19146"}],"curies":[{"name":"wp","href":"https:\/\/api.w.org\/{rel}","templated":true}]}}