{"id":18909,"date":"2023-07-11T09:35:16","date_gmt":"2023-07-11T07:35:16","guid":{"rendered":"https:\/\/flora.insure\/?p=18909"},"modified":"2025-03-26T09:12:15","modified_gmt":"2025-03-26T08:12:15","slug":"baisser-facture-electricite","status":"publish","type":"post","link":"https:\/\/flora.insure\/fr\/blog\/baisser-facture-electricite\/","title":{"rendered":"Comment baisser sa facture d\u2019\u00e9lectricit\u00e9 ?"},"content":{"rendered":"<p>Tu veux faire <strong>baisser ta facture d&rsquo;\u00e9lectricit\u00e9<\/strong> ? On te comprend ! En 2024, r\u00e9duire sa facture, c&rsquo;est l&rsquo;affaire de tous ! Outre le geste que tu fais pour l\u2019environnement, baisser ta facture d\u2019\u00e9lectricit\u00e9 te permet de r\u00e9aliser des \u00e9conomies importantes. Pour \u00e7a, il faut absolument comprendre comment tu consommes ton \u00e9lectricit\u00e9. Ensuite, il faut agir ! \ud83e\udd4a Pour ce faire, on te donne quelques astuces efficaces pour r\u00e9duire consid\u00e9rablement ta facture d\u2019\u00e9nergie.<\/p>\n<h2><strong>Comprendre sa consommation d&rsquo;\u00e9lectricit\u00e9<\/strong><\/h2>\n<p><strong>\u00a0<\/strong>Avant d\u2019agir, il faut comprendre \ud83e\udde0<\/p>\n<p>Quelle est <strong>ta consommation d\u2019\u00e9lectricit\u00e9<\/strong>\u00a0? Es-tu plut\u00f4t <strong>\u00e9nergivore<\/strong> ou <strong>\u00e9conome<\/strong>\u00a0? Quels sont les appareils qui consomment le plus\u00a0?<\/p>\n<p>Pas de panique, ce n&rsquo;est pas sorcier ! \ud83e\ude84<\/p>\n<p>Pour <strong>baisser ta facture d\u2019\u00e9lectricit\u00e9<\/strong>, il faut d&rsquo;abord identifier<strong> tes habitudes de consommation<\/strong>.<\/p>\n<h3><strong>Analyse ta facture d\u2019\u00e9lectricit\u00e9<\/strong><\/h3>\n<p>Le plus simple est d\u2019<strong>analyser ta facture d\u2019\u00e9lectricit\u00e9 \ud83d\udd0d<\/strong><\/p>\n<p>Souvent laiss\u00e9es au fond d\u2019un tiroir ou dans ta bo\u00eete mail, <strong>les factures d\u2019\u00e9lectricit\u00e9s<\/strong> sont pourtant une mine d\u2019or d\u2019informations.<\/p>\n<p>Elle d\u00e9taille notamment <strong>ta consommation annuelle<\/strong>, <strong>le prix de l\u2019\u00e9lectricit\u00e9<\/strong>, <strong>les tarifs de distribution<\/strong>\u2026<\/p>\n<p>Les \u00e9l\u00e9ments qui pourront t\u2019aider \u00e0 analyser ta facture d\u2019\u00e9lectricit\u00e9 sont\u00a0:<\/p>\n<ul>\n<li><strong>Ta consommation annuelle en kWh<\/strong><\/li>\n<\/ul>\n<p>En moyenne, un m\u00e9nage de deux personnes consommera <strong>3.500 kWh par an en Belgique<\/strong>. De l\u00e0, tu pourras d\u00e9terminer ta consommation moyenne mensuelle. Souviens-toi que tu consommeras en moyenne plus en hiver qu\u2019en \u00e9t\u00e9.<\/p>\n<ul>\n<li><strong>Les tarifs appliqu\u00e9s<\/strong><\/li>\n<\/ul>\n<p>Sur ta facture, tu vas y retrouver <strong>les prix de l\u2019\u00e9nergie<\/strong> (qui constituent plus ou moins 44% de ta facture finale), <strong>les co\u00fbts de distribution<\/strong> et <strong>le montant de la TVA<\/strong>.<\/p>\n<p>Si tu as <a href=\"https:\/\/flora.insure\/fr\/blog\/compteur-bihoraire-belgique\/\">un compteur bi-horaire<\/a>, tu vas \u00e9galement pouvoir comparer<strong> le tarif de jour<\/strong> au <strong>tarif de nuit<\/strong>.<\/p>\n<ul>\n<li><strong>Le type de contrat<\/strong><\/li>\n<\/ul>\n<p>Il existe <strong>deux types de contrat<\/strong>\u00a0: <strong>le contrat fixe<\/strong> et <strong>variable<\/strong>.<\/p>\n<p><a href=\"https:\/\/www.comparateur-energie.be\/blog\/prix-fixe-ou-variable-pour-votre-contrat-energie\/\" target=\"_blank\" rel=\"noopener\"><strong>Les contrats<\/strong><\/a><a href=\"https:\/\/www.comparateur-energie.be\/blog\/prix-fixe-ou-variable-pour-votre-contrat-energie\/\" target=\"_blank\" rel=\"noopener\"><strong>\u00a0fixes<\/strong><\/a> sont de plus en plus rares. Ils se basent sur <strong>un tarif \u00e9nerg\u00e9tique fixe<\/strong>, qui ne changera pas jusqu\u2019\u00e0 la fin de ton contrat.<\/p>\n<p><strong>Les contrats variables<\/strong> \u00e9voluent selon <strong>les prix du march\u00e9 de l\u2019\u00e9lectricit\u00e9 \ud83d\udcca<\/strong><\/p>\n<h3><strong>Utilise des outils de suivi de consommation<\/strong><\/h3>\n<p>Apr\u00e8s avoir une vue d\u2019ensemble de ta facture d\u2019\u00e9lectricit\u00e9, tu peux <strong>analyser<\/strong> avec plus de pr\u00e9cision <strong>ta consommation \u00e9nerg\u00e9tique<\/strong>.<\/p>\n<p>Pour cela, de nombreux outils existent comme des <a href=\"https:\/\/app.energuide.be\/fr\/\" target=\"_blank\" rel=\"noopener\"><strong>apps mobiles<\/strong><\/a>, <strong>des compteurs intelligents<\/strong> ou <strong>des boitiers de suivi de consommation<\/strong>.<\/p>\n<p>L\u2019utilisation de ces outils peut demander un investissement financier, mais peuvent te permettre d\u2019\u00e9conomiser sur le long terme.<\/p>\n<figure class=\"image strchf-type-image regular strchf-size-regular strchf-align-center\"><picture><source srcset=\"https:\/\/flora.insure\/wp-content\/uploads\/2023\/07\/BLOG-image-dans-article-2022-799-x-533-px-1-4.jpg 1x\" media=\"(max-width: 768px)\" \/><source srcset=\"https:\/\/flora.insure\/wp-content\/uploads\/2023\/07\/BLOG-image-dans-article-2022-799-x-533-px-1-4.jpg 1x\" media=\"(min-width: 769px)\" \/><img decoding=\"async\" class=\"alignnone\" src=\"https:\/\/flora.insure\/wp-content\/uploads\/2023\/07\/BLOG-image-dans-article-2022-799-x-533-px-1-4.jpg\" alt=\"Calculatrice pour calculer la facture d'\u00e9lectricit\u00e9\" width=\"799\" height=\"533\" \/><\/picture><figcaption>R\u00e9aliser des \u00e9conomies sur ta prochaine facture \u00e9nerg\u00e9tique n&rsquo;est pas aussi difficile que cela puisse para\u00eetre !<\/figcaption><\/figure>\n<h2><strong>3 astuces pour baisser sa facture d\u2019\u00e9lectricit\u00e9<\/strong><\/h2>\n<h3><strong>Opte pour des \u00e9quipements \u00e9conomes en \u00e9nergie<\/strong><\/h3>\n<p><strong>Les appareils \u00e9lectrom\u00e9nagers<\/strong> sont <strong>les plus \u00e9nergivores<\/strong> dans une maison ou un appartement \ud83c\udfe0<\/p>\n<p>Dans le top 3, on y retrouve notamment le s\u00e8che-linge, le frigo et le cong\u00e9lateur.<\/p>\n<p>Alors, comment faire pour <strong>baisser ta facture d&rsquo;\u00e9lectricit\u00e9<\/strong> ? Impossible de s\u2019en passer !<\/p>\n<p>Il suffit de choisir une alternative avec <strong>une bonne classe \u00e9nerg\u00e9tique<\/strong>. Certes, ces appareils sont souvent plus co\u00fbteux. Toutefois, sur le long terme, ils te permettront d\u2019\u00e9conomiser sur ta facture annuelle.<\/p>\n<p><strong>Les ampoules<\/strong> sont aussi <strong>des grandes consommatrices d\u2019\u00e9lectricit\u00e9<\/strong>. Tu peux donc les remplacer par des ampoules LED. Un geste simple et rapide, qui peut te faire \u00e9conomiser jusqu&rsquo;\u00e0 150\u20ac par an \ud83d\udca1<\/p>\n<p>Enfin, <strong>le plus gourmand en \u00e9lectricit\u00e9<\/strong> reste encore et toujours <strong>le chauffe-eau \u00e9lectrique<\/strong>. Ne t\u2019inqui\u00e8te pas, tu ne vas devoir prendre des douches froides. \ud83d\udebf Mais il existe des gestes simples pour <strong>r\u00e9aliser certaines \u00e9conomies<\/strong> sur ton chauffe-eau\u00a0:<\/p>\n<ul>\n<li>Limiter la temp\u00e9rature \u00e0 60\u00b0C<\/li>\n<li>R\u00e9aliser un entretien annuel<\/li>\n<li>Privil\u00e9gier les douches plut\u00f4t que les bains<\/li>\n<\/ul>\n<figure class=\"embed strchf-type-embed regular strchf-size-regular strchf-align-center\">\n<div class=\"embed-container\">\n<div style=\"max-width: 100%; position: relative; padding-top: 42.0833%;\"><iframe style=\"border: 0px; position: absolute; top: 0px; left: 0px; width: 100%; height: 100%;\" src=\"https:\/\/giphy.com\/embed\/jHNPGETQMA38HKs8Ak\/twitter\/iframe\" width=\"480\" height=\"202\" frameborder=\"0\" scrolling=\"no\" allowfullscreen=\"allowfullscreen\"><\/iframe><\/div>\n<\/div><figcaption>That&rsquo;s right \ud83d\ude0e<\/figcaption><\/figure>\n<h3><strong>Adopte des comportements \u00e9coresponsables<\/strong><strong>\u00a0<\/strong><\/h3>\n<p><strong>Les gestes du quotidien<\/strong> ont un impact sur <strong>ta consommation \u00e9nerg\u00e9tique<\/strong> et permettent, donc, de baisser ta facture d&rsquo;\u00e9lectricit\u00e9.<\/p>\n<p>Voici <strong>quelques astuces<\/strong> faciles \u00e0 impl\u00e9menter dans ta vie quotidienne\u00a0:<\/p>\n<p>\ud83d\udcfa \u00c9teins <strong>tes appareils en veille\u00a0<\/strong><\/p>\n<p><strong>\ud83c\udf21\ufe0f R\u00e9gule la temp\u00e9rature<\/strong> de ton logement gr\u00e2ce \u00e0 un thermostat<\/p>\n<p>\ud83d\udd0c Opte pour <strong>des multiprises avec interrupteur<\/strong><\/p>\n<p>\ud83d\udca6 Laver son linge \u00e0 <strong>30\u00b0C\u00a0<\/strong><\/p>\n<h3><strong>Produis ta propre \u00e9nergie<\/strong><\/h3>\n<p><strong>La production d\u2019\u00e9nergie solaire<\/strong> est une mani\u00e8re efficace de diminuer consid\u00e9rablement <strong>ta facture d\u2019\u00e9lectricit\u00e9 \u2600\ufe0f<\/strong><\/p>\n<p>On estime en moyenne qu\u2019il est possible d\u2019\u00e9conomiser presque 900\u20ac par an !<\/p>\n<p>Cette solution implique <strong>un investissement financier<\/strong> important afin d\u2019installer les panneaux solaires. Des aides et primes r\u00e9gionales existent pour adoucir les frais d\u2019installation.<\/p>\n<p><strong>Les panneaux photovolta\u00efques<\/strong> ont une garantie de rendement entre 20 et 25 ans. Ils seront enti\u00e8rement rembours\u00e9s apr\u00e8s 8 ans.<\/p>\n<p>D\u2019autres optent pour <strong>des solutions toutes aussi vertes<\/strong>\u00a0: \u00e9olienne, g\u00e9othermie\u2026<strong>\u00a0<\/strong><\/p>\n<figure class=\"image strchf-type-image regular strchf-size-regular strchf-align-center\"><picture><source srcset=\"https:\/\/flora.insure\/wp-content\/uploads\/2023\/07\/BLOG-image-dans-article-2022-799-x-533-px-2-1.jpg 1x\" media=\"(max-width: 768px)\" \/><source srcset=\"https:\/\/flora.insure\/wp-content\/uploads\/2023\/07\/BLOG-image-dans-article-2022-799-x-533-px-2-1.jpg 1x\" media=\"(min-width: 769px)\" \/><img decoding=\"async\" class=\"alignnone\" src=\"https:\/\/flora.insure\/wp-content\/uploads\/2023\/07\/BLOG-image-dans-article-2022-799-x-533-px-2-1.jpg\" alt=\"Panneaux photovolta\u00efques \u00e9lectriques\" width=\"799\" height=\"533\" \/><\/picture><figcaption>Et surtout, ne tombe pas dans le panneau (lol)<\/figcaption><\/figure>\n<p>\u00c0 l\u2019heure actuelle, <strong>l\u2019\u00e9lectricit\u00e9<\/strong> fait partie des frais les plus importants pour <strong>un m\u00e9nage en Belgique<\/strong>. Mais difficile de vivre sans ! En appliquant ces quelques astuces, il te sera facile de <strong>diminuer ta facture annuelle d\u2019\u00e9lectricit\u00e9<\/strong>. Tu pourras ainsi \u00e9conomiser, mais aussi mettre en place des mesures concr\u00e8tes pour l\u2019environnement. De quoi te motiver \u00e0 <strong>baisser sans plus tarder ta facture d\u2019\u00e9lectricit\u00e9<\/strong> !<\/p>\n","protected":false},"excerpt":{"rendered":"<p>Faire baisser sa facture d&rsquo;\u00e9lectricit\u00e9 est un d\u00e9fi pour tous les m\u00e9nages de Belgique. Comment r\u00e9duire et adapter ta consommation d&rsquo;\u00e9nergie pour \u00e9conomiser sur ta prochaine facture d&rsquo;\u00e9lectricit\u00e9 ? On t&rsquo;explique tout \ud83d\udc47<\/p>\n","protected":false},"author":27,"featured_media":18928,"comment_status":"closed","ping_status":"open","sticky":false,"template":"","format":"standard","meta":{"_acf_changed":false,"_seopress_robots_primary_cat":"none","_seopress_titles_title":"Comment baisser sa facture d\u2019\u00e9lectricit\u00e9 en %%currentyear%% ?","_seopress_titles_desc":"Comment faire baisser sa facture d'\u00e9lectricit\u00e9 : quelques astuces \u00e0 mettre en place pour \u00e9conomiser facilement sur ta consommation \u00e9lectrique","_seopress_robots_index":"yes","footnotes":""},"categories":[133],"tags":[],"class_list":["post-18909","post","type-post","status-publish","format-standard","has-post-thumbnail","hentry","category-conseils-logement"],"acf":[],"_links":{"self":[{"href":"https:\/\/flora.insure\/fr\/wp-json\/wp\/v2\/posts\/18909","targetHints":{"allow":["GET"]}}],"collection":[{"href":"https:\/\/flora.insure\/fr\/wp-json\/wp\/v2\/posts"}],"about":[{"href":"https:\/\/flora.insure\/fr\/wp-json\/wp\/v2\/types\/post"}],"author":[{"embeddable":true,"href":"https:\/\/flora.insure\/fr\/wp-json\/wp\/v2\/users\/27"}],"replies":[{"embeddable":true,"href":"https:\/\/flora.insure\/fr\/wp-json\/wp\/v2\/comments?post=18909"}],"version-history":[{"count":0,"href":"https:\/\/flora.insure\/fr\/wp-json\/wp\/v2\/posts\/18909\/revisions"}],"wp:featuredmedia":[{"embeddable":true,"href":"https:\/\/flora.insure\/fr\/wp-json\/wp\/v2\/media\/18928"}],"wp:attachment":[{"href":"https:\/\/flora.insure\/fr\/wp-json\/wp\/v2\/media?parent=18909"}],"wp:term":[{"taxonomy":"category","embeddable":true,"href":"https:\/\/flora.insure\/fr\/wp-json\/wp\/v2\/categories?post=18909"},{"taxonomy":"post_tag","embeddable":true,"href":"https:\/\/flora.insure\/fr\/wp-json\/wp\/v2\/tags?post=18909"}],"curies":[{"name":"wp","href":"https:\/\/api.w.org\/{rel}","templated":true}]}}