{"id":18039,"date":"2023-04-24T09:19:56","date_gmt":"2023-04-24T07:19:56","guid":{"rendered":"https:\/\/flora.insure\/?p=18039"},"modified":"2024-06-24T10:45:58","modified_gmt":"2024-06-24T08:45:58","slug":"remboursement-precompte-immobilier-locataire","status":"publish","type":"post","link":"https:\/\/flora.insure\/fr\/blog\/remboursement-precompte-immobilier-locataire\/","title":{"rendered":"Comment demander un remboursement de mon pr\u00e9compte immobilier en tant que locataire ?"},"content":{"rendered":"<p>Le pr\u00e9compte immobilier, une taxe r\u00e9gionale applicable aux appartements et maisons, peut parfois \u00eatre r\u00e9duit ou rembours\u00e9 dans certaines situations. Mais qu&rsquo;en est-il pour les locataires ? Les locataires peuvent b\u00e9n\u00e9ficier indirectement de cette r\u00e9duction en permettant \u00e0 leur propri\u00e9taire de l&rsquo;obtenir, ce qui pourrait entra\u00eener une diminution de leur loyer. Dans cet article, nous te d\u00e9taillons les d\u00e9marches pour obtenir un remboursement de la taxe fonci\u00e8re en tant que locataire en Wallonie et \u00e0 Bruxelles. \ud83d\udc47<\/p>\n<h2><strong>Qu&rsquo;est-ce que le pr\u00e9compte immobilier ?<\/strong><\/h2>\n<p><strong>Le pr\u00e9compte immobilier<\/strong> est un imp\u00f4t r\u00e9gional \u00e0 payer sur <strong>les biens immobiliers \ud83c\udfe0<\/strong><\/p>\n<p>Cet imp\u00f4t foncier est calcul\u00e9 sur base du <a href=\"https:\/\/flora.insure\/fr\/blog\/cadastre-proprietaire-wallonie\/\">revenu cadastral<\/a>.<\/p>\n<h3><strong>Qui est concern\u00e9 par le pr\u00e9compte immobilier ?<\/strong><\/h3>\n<p>Les <strong>propri\u00e9taires<\/strong>, <strong>usufruitiers<\/strong> et <strong>possesseurs<\/strong> sont les redevables du pr\u00e9compte immobilier.<\/p>\n<p>Les locataires et les nus-propri\u00e9taires ne sont pas tenus de le payer \u274c<\/p>\n<h2><strong>Les possibilit\u00e9s de r\u00e9duction du pr\u00e9compte immobilier<\/strong><\/h2>\n<h4><strong>1. R\u00e9duction pour une maison modeste<\/strong><\/h4>\n<p>Pour les propri\u00e9t\u00e9s avec un <strong>revenu cadastral<\/strong> inf\u00e9rieur \u00e0 745 \u20ac, une r\u00e9duction de 25% peut \u00eatre accord\u00e9e sur le pr\u00e9compte immobilier.<\/p>\n<p>Cette r\u00e9duction peut atteindre 50% pour les <strong>nouvelles constructions <a href=\"https:\/\/flora.insure\/fr\/blog\/reduction-precompte-immobilier-maison-modeste-2024\/\">modestes<\/a> <\/strong>sans prime \u00e0 l\u2019achat, sous certaines conditions sp\u00e9cifiques.<\/p>\n<p><strong>2. R\u00e9duction pour les personnes handicap\u00e9es ou invalides de guerre<\/strong><\/p>\n<p>Les <a href=\"https:\/\/flora.insure\/fr\/blog\/reduction-precompte-immobilier-personne-handicapee\/\"><strong>personnes handicap\u00e9es<\/strong> <\/a>et les<strong> invalides de guerre<\/strong> peuvent b\u00e9n\u00e9ficier d&rsquo;une r\u00e9duction (voire d&rsquo;un remboursement) du pr\u00e9compte immobilier, \u00e0 condition d&rsquo;\u00eatre les redevables l\u00e9gaux de la taxe ou les occupants de l\u2019habitation.<\/p>\n<p><strong>3. R\u00e9duction pour la composition de m\u00e9nage<\/strong><\/p>\n<p>Les m\u00e9nages comptant au moins <strong>deux enfants<\/strong> ou une <strong>personne handicap\u00e9e<\/strong> \u00e0 charge peuvent \u00e9galement b\u00e9n\u00e9ficier d&rsquo;une r\u00e9duction du pr\u00e9compte immobilier.<\/p>\n<p>Cette r\u00e9duction s&rsquo;applique \u00e9galement aux m\u00e9nages prenant en charge un parent \u00e2g\u00e9 ou une personne avec un lien familial.<\/p>\n<p>Les montants des r\u00e9ductions varient selon les situations, allant de 125 \u20ac par enfant jusqu\u2019\u00e0 250 \u20ac pour une personne handicap\u00e9e \u00e0 charge du m\u00e9nage.<\/p>\n<p>En r\u00e9sum\u00e9, le <a href=\"https:\/\/www.belgium.be\/fr\/logement\/achat_et_vente\/precompte_immobilier\/reductions\">pr\u00e9compte immobilier<\/a> en Belgique impose des obligations fiscales sp\u00e9cifiques aux propri\u00e9taires et offre des possibilit\u00e9s de r\u00e9ductions significatives pour certaines situations particuli\u00e8res.<\/p>\n<figure class=\"image strchf-type-image regular strchf-size-regular strchf-align-center\"><picture><source srcset=\"https:\/\/flora.insure\/wp-content\/uploads\/2023\/04\/BLOG-image-dans-article-2022-799-x-533-px-4.jpg 1x\" media=\"(max-width: 768px)\" \/><source srcset=\"https:\/\/flora.insure\/wp-content\/uploads\/2023\/04\/BLOG-image-dans-article-2022-799-x-533-px-4.jpg 1x\" media=\"(min-width: 769px)\" \/><\/picture><picture><img decoding=\"async\" class=\"\" style=\"width: 751px; height: 500px;\" src=\"https:\/\/flora.insure\/wp-content\/uploads\/2023\/04\/BLOG-image-dans-article-2022-799-x-533-px-4.jpg\" alt=\"Locataire qui remplit les papiers de son pr\u00e9compte immobilier\" \/><\/picture><\/figure>\n<h2><strong>Le locataire peut-il demander un remboursement du pr\u00e9compte immobilier ? <\/strong><\/h2>\n<p>En Belgique, seul <strong>le propri\u00e9taire d\u2019un bien immobilier<\/strong> peut solliciter une r\u00e9duction d\u2019un pr\u00e9compte immobilier.<\/p>\n<div class=\"flex flex-grow flex-col max-w-full\">\n<div class=\"min-h-[20px] text-message flex flex-col items-start whitespace-pre-wrap break-words [.text-message+&amp;]:mt-5 juice:w-full juice:items-end overflow-x-auto gap-2\" dir=\"auto\" data-message-author-role=\"assistant\" data-message-id=\"bd18c9ea-26d0-4f2a-a312-0176a47c856d\">\n<div class=\"flex w-full flex-col gap-1 juice:empty:hidden juice:first:pt-[3px]\">\n<div class=\"markdown prose w-full break-words dark:prose-invert light\">\n<p>Le <a href=\"https:\/\/flora.insure\/fr\/blog\/quels-sont-les-droits-et-devoirs-du-locataire\/\"><strong>locataire<\/strong><\/a> peut toutefois b\u00e9n\u00e9ficier d\u2019un <strong>remboursement<\/strong> du pr\u00e9compte immobilier.<\/p>\n<\/div>\n<\/div>\n<\/div>\n<\/div>\n<p>On t&rsquo;explique \ud83e\udd2d<\/p>\n<p>Imagine que tu loues un appartement et que tu as deux enfants \u00e0 ta charge \ud83d\udc66\ud83d\udc66<\/p>\n<p>M\u00eame si tu n&rsquo;es pas propri\u00e9taire, tu peux influencer positivement la situation fiscale de ton logement.<\/p>\n<p>Si tu remplis les crit\u00e8res requis, ton propri\u00e9taire pourrait obtenir une <strong>r\u00e9duction<\/strong> significative sur le pr\u00e9compte immobilier. En \u00e9change, tu pourrais profiter d&rsquo;une <strong>r\u00e9duction de ton loyer<\/strong> mensuel. Bonne nouvelle, non ?<\/p>\n<p>Et cerise sur le g\u00e2teau \ud83c\udf52, certaines <strong>r\u00e9ductions<\/strong> sont cumulables.<\/p>\n<p>Cela signifie que si tu r\u00e9ponds \u00e0 plusieurs <strong>crit\u00e8res \u00e9ligibles<\/strong>, ton propri\u00e9taire pourrait b\u00e9n\u00e9ficier d&rsquo;une r\u00e9duction encore plus importante du pr\u00e9compte immobilier.<\/p>\n<p>En r\u00e9sum\u00e9, m\u00eame si les propri\u00e9taires demandent g\u00e9n\u00e9ralement la r\u00e9duction ou le remboursement du pr\u00e9compte immobilier, les locataires ont aussi une chance unique de contribuer \u00e0 cette d\u00e9marche et de profiter des avantages financiers qui en d\u00e9coulent.<\/p>\n<figure class=\"embed strchf-type-embed regular strchf-size-regular strchf-align-center\">\n<div class=\"embed-container\">\n<div style=\"max-width: 100%; position: relative; padding-top: 42.0833%;\"><iframe style=\"border: 0px; position: absolute; top: 0px; left: 0px; width: 100%; height: 100%;\" src=\"https:\/\/giphy.com\/embed\/uVFGDyOshK7I6geXyg\/twitter\/iframe\" width=\"480\" height=\"202\" frameborder=\"0\" scrolling=\"no\" allowfullscreen=\"allowfullscreen\"><\/iframe><\/div>\n<\/div>\n<\/figure>\n<h2><\/h2>\n<h2><strong>Remboursement du pr\u00e9compte immobilier en Wallonie <\/strong><\/h2>\n<p>En <strong>Wallonie<\/strong>, il est imp\u00e9ratif de faire <strong>la demande de remboursement <\/strong>du pr\u00e9compte immobilier.<\/p>\n<p>Cette demande peut \u00eatre effectu\u00e9e<strong> par le propri\u00e9taire<\/strong> ou <strong>le locataire<\/strong>.<\/p>\n<p>Pour cela, il suffit de te rendre <a href=\"https:\/\/www.wallonie.be\/fr\/demarches\/demander-une-reduction-du-precompte-immobilier\">sur ce site<\/a> et de remplir le formulaire en papier ou en ligne \ud83d\udcdd<\/p>\n<p>Il est conseill\u00e9 d\u2019effectuer la demande au mois de janvier de l\u2019ann\u00e9e d\u2019imposition ou dans les 6 mois suivant la date d\u2019envoi de ton avertissement-extrait de r\u00f4le.<\/p>\n<p>Si la demande est accept\u00e9e, le propri\u00e9taire b\u00e9n\u00e9ficiera d&rsquo;une r\u00e9duction. <strong>Le locataire<\/strong> peut alors r\u00e9clamer <strong>un remboursement complet<\/strong> ou <strong>une r\u00e9duction du loyer<\/strong>.<\/p>\n<p>La demande doit \u00eatre effectu\u00e9e une seule fois. Si elle est approuv\u00e9e, la r\u00e9duction sera appliqu\u00e9e chaque ann\u00e9e par la suite.<\/p>\n<h2><strong>Remboursement du pr\u00e9compte immobilier \u00e0 Bruxelles <\/strong><\/h2>\n<p>\u00c0 <a href=\"https:\/\/logement.brussels\/etre-proprietaire\/precompte-immobilier\/\" target=\"_blank\" rel=\"noopener\"><strong>Bruxelles<\/strong><\/a>, <strong>la r\u00e9duction du pr\u00e9compte immobilier<\/strong> est parfois automatique. Dans le cas contraire, il faudra introduire une demande.<\/p>\n<p>Depuis 2020, le locataire doit imp\u00e9rativement passer <strong>par le propri\u00e9taire<\/strong> pour en faire la demande. Le propri\u00e9taire doit alors remplir le formulaire aupr\u00e8s de <a href=\"https:\/\/fiscalite.brussels\/fr\/le-precompte-immobilier\">Bruxelles Fiscalit\u00e9<\/a>.<\/p>\n<p>Si la demande est accept\u00e9e, une confirmation \u00e9crite sera envoy\u00e9e. Elle d\u00e9taillera le montant de la r\u00e9duction ou le montant \u00e0 rembourser. <strong>Le locataire<\/strong> pourra demander <strong>une diminution du loyer<\/strong> ou <strong>un remboursement<\/strong> du montant indiqu\u00e9 dans la confirmation.<\/p>\n<p>La demande doit \u00eatre effectu\u00e9e une seule fois. Si elle est approuv\u00e9e, la r\u00e9duction sera appliqu\u00e9e chaque ann\u00e9e par la suite.<\/p>\n<figure class=\"embed strchf-type-embed regular strchf-size-regular strchf-align-center\">\n<div class=\"embed-container\">\n<div style=\"max-width: 100%; position: relative; padding-top: 42.0833%;\"><iframe style=\"border: 0px; position: absolute; top: 0px; left: 0px; width: 100%; height: 100%;\" src=\"https:\/\/giphy.com\/embed\/31lPv5L3aIvTi\/twitter\/iframe\" width=\"480\" height=\"202\" frameborder=\"0\" scrolling=\"no\" allowfullscreen=\"allowfullscreen\"><\/iframe><\/div>\n<\/div><figcaption>On dit merci qui ?<\/figcaption><\/figure>\n<p>En conclusion, si tu es locataire et que tu r\u00e9ponds aux conditions pour une r\u00e9duction du pr\u00e9compte immobilier, n&rsquo;h\u00e9site pas \u00e0 en faire profiter ton propri\u00e9taire ! Non seulement tu pourrais b\u00e9n\u00e9ficier d&rsquo;une diminution de loyer, mais en plus, \u00e7a lui fera plaisir de voir son imp\u00f4t baisser. C&rsquo;est le moment de montrer ta g\u00e9n\u00e9rosit\u00e9 et de r\u00e9duire tes frais de logement en m\u00eame temps. Tu peux donc \u00e0 pr\u00e9sent b\u00e9n\u00e9ficier d&rsquo;<strong>un remboursement du pr\u00e9compte immobilier<\/strong>, m\u00eame si tu es <strong>locataire<\/strong>.<strong>\u00a0<\/strong><\/p>\n","protected":false},"excerpt":{"rendered":"<p>Le locataire est en droit de demander un remboursement du pr\u00e9compte immobilier de son propri\u00e9taire, sous certaines conditions. Il pourra ainsi b\u00e9n\u00e9ficier d&rsquo;une diminution du loyer. <\/p>\n","protected":false},"author":27,"featured_media":18045,"comment_status":"closed","ping_status":"open","sticky":false,"template":"","format":"standard","meta":{"_acf_changed":false,"_seopress_robots_primary_cat":"none","_seopress_titles_title":"Remboursement du pr\u00e9compte immobilier pour locataires en %%currentyear%%","_seopress_titles_desc":"Un remboursement du pr\u00e9compte immobilier du propri\u00e9taire peut \u00eatre demand\u00e9e en fonction de la situation du locataire en Belgique. ","_seopress_robots_index":"","footnotes":""},"categories":[130],"tags":[],"class_list":["post-18039","post","type-post","status-publish","format-standard","has-post-thumbnail","hentry","category-vie-en-location"],"acf":[],"_links":{"self":[{"href":"https:\/\/flora.insure\/fr\/wp-json\/wp\/v2\/posts\/18039","targetHints":{"allow":["GET"]}}],"collection":[{"href":"https:\/\/flora.insure\/fr\/wp-json\/wp\/v2\/posts"}],"about":[{"href":"https:\/\/flora.insure\/fr\/wp-json\/wp\/v2\/types\/post"}],"author":[{"embeddable":true,"href":"https:\/\/flora.insure\/fr\/wp-json\/wp\/v2\/users\/27"}],"replies":[{"embeddable":true,"href":"https:\/\/flora.insure\/fr\/wp-json\/wp\/v2\/comments?post=18039"}],"version-history":[{"count":0,"href":"https:\/\/flora.insure\/fr\/wp-json\/wp\/v2\/posts\/18039\/revisions"}],"wp:featuredmedia":[{"embeddable":true,"href":"https:\/\/flora.insure\/fr\/wp-json\/wp\/v2\/media\/18045"}],"wp:attachment":[{"href":"https:\/\/flora.insure\/fr\/wp-json\/wp\/v2\/media?parent=18039"}],"wp:term":[{"taxonomy":"category","embeddable":true,"href":"https:\/\/flora.insure\/fr\/wp-json\/wp\/v2\/categories?post=18039"},{"taxonomy":"post_tag","embeddable":true,"href":"https:\/\/flora.insure\/fr\/wp-json\/wp\/v2\/tags?post=18039"}],"curies":[{"name":"wp","href":"https:\/\/api.w.org\/{rel}","templated":true}]}}