{"id":17404,"date":"2023-03-06T08:52:13","date_gmt":"2023-03-06T07:52:13","guid":{"rendered":"https:\/\/flora.insure\/?p=17404"},"modified":"2024-05-21T13:49:36","modified_gmt":"2024-05-21T11:49:36","slug":"compteur-bihoraire-belgique","status":"publish","type":"post","link":"https:\/\/flora.insure\/fr\/blog\/compteur-bihoraire-belgique\/","title":{"rendered":"Quels sont les avantages et inconv\u00e9nients d\u2019un compteur bi-horaire en Belgique ?"},"content":{"rendered":"<p>Tu emm\u00e9nages dans ton premier logement. Et tu ne sais pas quel type de compteur, tu as ? Il y a deux possibilit\u00e9s : <strong>le compte mono<\/strong> ou <strong>bi-horaire<\/strong>. Au vu de l\u2019inflation actuelle, le prix de l\u2019\u00e9lectricit\u00e9 est devenu une pr\u00e9occupation principale pour tous les m\u00e9nages\u00a0 \ud83d\ude30 Quelle diff\u00e9rence entre les diff\u00e9rents compteurs ? Le compteur bi-horaire permet-il d\u2019\u00e9conomiser ? On t\u2019explique tout sur <strong>les avantages<\/strong> et <strong>les<\/strong> <strong>inconv\u00e9nients<\/strong> <strong>d&rsquo;un compteur bi-horaire pour les locataires en Belgique<\/strong>.<\/p>\n<h2><strong>Compteur mono- et bi-horaire : quelle diff\u00e9rence en Belgique ?<\/strong><\/h2>\n<ul>\n<li><strong>Le compteur mono-horaire<\/strong> est un compteur sur lequel ne figure qu\u2019<strong>une seule consommation <a href=\"https:\/\/flora.insure\/fr\/blog\/charges-locatives-guide-pratique-estimation\/\">\u00e9lectrique<\/a><\/strong>. <strong>Un tarif unique, <\/strong>appel\u00e9<strong> \u00ab\u00a0tarif simple\u00a0\u00bb,<\/strong> est appliqu\u00e9, peu importe que cela soit en pleine journ\u00e9e ou en pleine nuit. On conseille les compteurs mono-horaires aux personnes ayant une petite habitation, comme les \u00e9tudiants ou les couples sans enfant.<\/li>\n<li><strong>Le compteur bi-horaire<\/strong> est un compteur qui affiche <strong>deux consommations<\/strong>\u00a0: une de jour et une de nuit. On applique donc <strong>un tarif double<\/strong>. Durant <strong>les<\/strong> <strong>heures creuses et les week-ends<\/strong>, le tarif de nuit est utilis\u00e9. Celui-ci est plus avantageux que le tarif de jour. Il est conseill\u00e9 aux grands consommateurs d\u2019\u00e9lectricit\u00e9.<\/li>\n<\/ul>\n<p>Pour un m\u00e9nage de 2 m\u00e9nage en Belgique, on compte en moyenne une consommation \u00e9lectrique de 1.200 kWh. Avec une installation bi-horaire, cette consommation se r\u00e9partit en 500 kWh consomm\u00e9 au tarif de jour et 700 kWh au tarif de nuit \ud83c\udf19<\/p>\n<figure class=\"image strchf-type-image regular strchf-size-regular strchf-align-center\"><picture><source srcset=\"https:\/\/flora.insure\/wp-content\/uploads\/2023\/03\/BLOG-image-dans-article-2022-799-x-533-px.jpg 1x\" media=\"(max-width: 768px)\" \/><source srcset=\"https:\/\/flora.insure\/wp-content\/uploads\/2023\/03\/BLOG-image-dans-article-2022-799-x-533-px.jpg 1x\" media=\"(min-width: 769px)\" \/><img decoding=\"async\" src=\"https:\/\/flora.insure\/wp-content\/uploads\/2023\/03\/BLOG-image-dans-article-2022-799-x-533-px.jpg\" alt=\"COmpteur \u00e9lectrique bi-horaire\" \/><\/picture><\/figure>\n<p>&nbsp;<\/p>\n<h2><strong>Le compteur bihoraire en Wallonie : un avantage pour le locataire ?<\/strong><\/h2>\n<p>En Wallonie, <strong>le tarif\u00a0de nuit<\/strong> s&rsquo;applique durant <strong>les heures creuses<\/strong> suivantes : <strong>\u00e0 partir de 22h jusqu&rsquo;\u00e0 7h du matin<\/strong>.<\/p>\n<p>Certaines communes appliquent diff\u00e9rents horaires, allant de 21h \u00e0 6h du matin.<\/p>\n<p>Bien que le tarif de nuit soit avantageux, il ne correspond pas \u00e0 toutes les consommations.<\/p>\n<p>Eh oui, <strong>en Wallonie<\/strong>, le tarif de jour appliqu\u00e9 par les fournisseurs d&rsquo;\u00e9lectricit\u00e9 est sup\u00e9rieur au tarif simple \ud83d\ude31<\/p>\n<p><strong>Le compteur bi-horaire<\/strong> est compatible avec les m\u00e9nages qui utilisent beaucoup d\u2019\u00e9lectricit\u00e9 durant la nuit et les week-ends.<\/p>\n<p>En tant que locataire en Belgique, si <strong>plus de 30% de ta consommation \u00e9lectrique <\/strong>a lieu\u00a0<strong>durant les week-ends et les heures creuses<\/strong>, <strong>le compteur bi-horaire<\/strong> est fait pour toi. Dans le cas contraire, un compteur simple sera suffisant.<\/p>\n<p>Les \u00e9tudiants ou les jeunes couples ne sont donc pas forc\u00e9ment la cible. On d\u00e9conseille \u00e9galement l\u2019installation de ce type de compteurs aux propri\u00e9taires de panneaux photovolta\u00efques.<\/p>\n<p>Ajoutons que <strong>les frais d\u2019installation<\/strong> et <strong>de redevance<\/strong> sont des co\u00fbts \u00e0 prendre en compte. Il faudrait compter entre 160\u20ac et 260\u20ac pour une installation sur place. Certains propri\u00e9taires refusent d\u2019investir dans l\u2019installation d\u2019un compteur bi-horaire.<\/p>\n<h2><strong>Le compteur bihoraire en Flandre : toujours int\u00e9ressant ?<\/strong><\/h2>\n<p><strong>Le tarif de nuit<\/strong> s\u2019enclenche <strong>entre 21H et 6h du matin<\/strong> en Flandre.<\/p>\n<p>Encore une fois, la commune est libre d&rsquo;appliquer l&rsquo;horaire souhait\u00e9. Certaines communes ont des heures creuses qui vont de 22h \u00e0 7h du matin, par exemple.<\/p>\n<p>Pour en savoir plus, retrouve <a href=\"https:\/\/www.fluvius.be\/sites\/fluvius\/files\/2019-07\/uren-dag-nacht-tarief-gezinnen-bedrijven-tweevoudig-uurtariefmeter.pdf\">la liste par commune<\/a>.<\/p>\n<p>Ce d\u00e9but 2023, la Flandre revoit enti\u00e8rement son syst\u00e8me de calcul. Depuis janvier 2023, les tarifs ont \u00e9t\u00e9 revus selon <strong>les pics de consommation \ud83d\udcc8<\/strong><\/p>\n<p>En d\u2019autres termes, le calcul ne se basera plus sur ta consommation g\u00e9n\u00e9rale, mais sur tes pics de consommation. Chaque mois, tes pics d\u2019utilisation seront enregistr\u00e9s. En fin d\u2019ann\u00e9e, la moyenne des plus gros pics sera prise en compte pour ta r\u00e9gularisation. C\u2019est ce qu\u2019on appelle <strong>le tarif capacitaire<\/strong>. Le tarif nuit\/jour ne sera donc plus appliqu\u00e9 en Flandre. Ce changement permet de r\u00e9duire le gaspillage \u00e9nerg\u00e9tique.<\/p>\n<figure class=\"embed strchf-type-embed regular strchf-size-regular strchf-align-center\">\n<div class=\"embed-container\">\n<div style=\"max-width: 100%; position: relative; padding-top: 42.0833%;\"><iframe style=\"border: 0px; position: absolute; top: 0px; left: 0px; width: 100%; height: 100%;\" src=\"https:\/\/giphy.com\/embed\/Utu26x5109CbO8Jm6B\/twitter\/iframe\" width=\"480\" height=\"202\" frameborder=\"0\" scrolling=\"no\" allowfullscreen=\"allowfullscreen\"><\/iframe><\/div>\n<\/div>\n<\/figure>\n<h2><strong>Quel compteur choisir quand on a des panneaux photovolta\u00efques ?<\/strong><\/h2>\n<p>Tu es dans un logement avec<strong> des panneaux photovolta\u00efques<\/strong> ? Tu te demandes si <strong>le compteur mono-horaire<\/strong> n\u2019est pas plus avantageux\u00a0?<\/p>\n<p>Le compteur bi-horaire et les panneaux photovolta\u00efques ne semblent pas aller de pair en Belgique \ud83e\udd14<\/p>\n<p>Eh bien, cela d\u00e9pend majoritairement de <strong>ta production<\/strong> et de <strong>ta consommation<\/strong>.<\/p>\n<p>Si ta production \u00e9lectrique annuelle est \u00e9gale (ou sup\u00e9rieure) \u00e0 ta consommation, on te recommande de prendre <strong>un compteur simple<\/strong>.<\/p>\n<figure class=\"image strchf-type-image regular strchf-size-regular strchf-align-center\"><picture><source srcset=\"https:\/\/flora.insure\/wp-content\/uploads\/2023\/03\/BLOG-image-dans-article-2022-799-x-533-px-1.jpg 1x\" media=\"(max-width: 768px)\" \/><source srcset=\"https:\/\/flora.insure\/wp-content\/uploads\/2023\/03\/BLOG-image-dans-article-2022-799-x-533-px-1.jpg 1x\" media=\"(min-width: 769px)\" \/><img decoding=\"async\" src=\"https:\/\/flora.insure\/wp-content\/uploads\/2023\/03\/BLOG-image-dans-article-2022-799-x-533-px-1.jpg\" alt=\"Panneaux \u00e9lectriques photovolta\u00efques sur le toit d'une maison\" \/><\/picture><\/figure>\n<h2>Bient\u00f4t la fin du compteur bi-horaire en Belgique ?<\/h2>\n<p>Une r\u00e9forme envisag\u00e9e par la Commission Wallonne pour l&rsquo;\u00c9nergie pourrait potentiellement marquer la <strong>fin<\/strong> <strong>du compteur bi-horaire<\/strong> en Belgique.<\/p>\n<p>Cette proposition de r\u00e9forme soul\u00e8ve des questions importantes concernant l&rsquo;avenir de la <strong>tarification de l&rsquo;\u00e9lectricit\u00e9<\/strong> dans le pays.<\/p>\n<p>Actuellement, le compteur bi-horaire permet aux consommateurs de b\u00e9n\u00e9ficier de tarifs avantageux pendant les <strong>heures creuses<\/strong>, g\u00e9n\u00e9ralement la nuit et le week-end.<\/p>\n<p>Cependant, la CWPA envisage de mettre en place un <strong>syst\u00e8me de tarification<\/strong> plus dynamique, o\u00f9 les prix de l&rsquo;\u00e9lectricit\u00e9 pourraient varier plusieurs fois au cours de la journ\u00e9e en fonction de la demande et de l&rsquo;offre sur le march\u00e9.<\/p>\n<p>Cette approche vise \u00e0 mieux refl\u00e9ter les co\u00fbts r\u00e9els de <strong>production<\/strong> et \u00e0 encourager une <strong>consommation<\/strong> plus responsable de l&rsquo;\u00e9lectricit\u00e9. Cependant, cette proposition soul\u00e8ve des pr\u00e9occupations quant \u00e0 son impact sur les <strong>consommateurs<\/strong>, notamment sur leur<a href=\"https:\/\/flora.insure\/fr\/blog\/baisser-facture-electricite\/\"> facture d&rsquo;\u00e9lectricit\u00e9<\/a> et sur la n\u00e9cessit\u00e9 d&rsquo;adapter leurs habitudes de consommation.<\/p>\n<p>Les autorit\u00e9s belges continuent d&rsquo;examiner cette proposition et des discussions sont en cours pour d\u00e9terminer les prochaines \u00e9tapes \u00e0 suivre.<\/p>\n<figure class=\"image strchf-type-image regular strchf-size-regular strchf-align-center\"><picture><source srcset=\"https:\/\/flora.insure\/wp-content\/uploads\/2024\/05\/fin-compteur-bihoraire.jpg 1x\" media=\"(max-width: 768px)\" \/><source srcset=\"https:\/\/flora.insure\/wp-content\/uploads\/2024\/05\/fin-compteur-bihoraire.jpg 1x\" media=\"(min-width: 769px)\" \/><img decoding=\"async\" src=\"https:\/\/flora.insure\/wp-content\/uploads\/2024\/05\/fin-compteur-bihoraire.jpg\" alt=\"Compteur \u00e9lectrique\" \/><\/picture><figcaption>Pas de panique, ton compteur bi-horaire a encore de longues ann\u00e9es devant lui \ud83d\ude09<\/figcaption><\/figure>\n<p>La question du <strong>compteur \u00e9lectrique<\/strong> est importante, surtout au vu des tarifs actuels. Dans la croyance g\u00e9n\u00e9rale, <strong>le compteur bi-horaire<\/strong> parait plus avantageux. Mais ce n\u2019est pas toujours le cas ! Il est int\u00e9ressant de calculer <strong>ta consommation<\/strong> tout au long d\u2019une journ\u00e9e en relevant ton compteur.<\/p>\n<p>Fais le test : note ta consommation la semaine et le week-end, et analyse-la ! \u270d\ud83c\udffc<\/p>\n<p>Si tu d\u00e9sires <strong>changer pour un compteur bi-horaire<\/strong>, tu devras voir avec <strong>ton propri\u00e9taire<\/strong>. En effet, la d\u00e9cision lui appartient. N\u2019oublie pas de lui expliquer <strong>les avantages<\/strong> et <strong>les inconv\u00e9nients<\/strong> <strong>d\u2019un compteur bi-horaire<\/strong> pour ton logement en location <strong>en Belgique \u261d\ufe0f<\/strong><\/p>\n<p>&nbsp;<\/p>\n","protected":false},"excerpt":{"rendered":"<p>Le compteur bi-horaire est un sujet qui fait d\u00e9bat. Est-il r\u00e9ellement int\u00e9ressant ? Et quand on est en location en Belgique ? D\u00e9couvre tous les avantages et inconv\u00e9nients d&rsquo;un compteur bi-horaire en Belgique<\/p>\n","protected":false},"author":27,"featured_media":17425,"comment_status":"closed","ping_status":"open","sticky":false,"template":"","format":"standard","meta":{"_acf_changed":false,"_seopress_robots_primary_cat":"none","_seopress_titles_title":"Compteur bi-horaire heure en Belgique : avantageux en %%currentyear%% ?","_seopress_titles_desc":"Le compteur bi-horaire en Belgique : quels sont les avantages et les inconv\u00e9nients ? ","_seopress_robots_index":"","footnotes":""},"categories":[133],"tags":[],"class_list":["post-17404","post","type-post","status-publish","format-standard","has-post-thumbnail","hentry","category-conseils-logement"],"acf":[],"_links":{"self":[{"href":"https:\/\/flora.insure\/fr\/wp-json\/wp\/v2\/posts\/17404","targetHints":{"allow":["GET"]}}],"collection":[{"href":"https:\/\/flora.insure\/fr\/wp-json\/wp\/v2\/posts"}],"about":[{"href":"https:\/\/flora.insure\/fr\/wp-json\/wp\/v2\/types\/post"}],"author":[{"embeddable":true,"href":"https:\/\/flora.insure\/fr\/wp-json\/wp\/v2\/users\/27"}],"replies":[{"embeddable":true,"href":"https:\/\/flora.insure\/fr\/wp-json\/wp\/v2\/comments?post=17404"}],"version-history":[{"count":0,"href":"https:\/\/flora.insure\/fr\/wp-json\/wp\/v2\/posts\/17404\/revisions"}],"wp:featuredmedia":[{"embeddable":true,"href":"https:\/\/flora.insure\/fr\/wp-json\/wp\/v2\/media\/17425"}],"wp:attachment":[{"href":"https:\/\/flora.insure\/fr\/wp-json\/wp\/v2\/media?parent=17404"}],"wp:term":[{"taxonomy":"category","embeddable":true,"href":"https:\/\/flora.insure\/fr\/wp-json\/wp\/v2\/categories?post=17404"},{"taxonomy":"post_tag","embeddable":true,"href":"https:\/\/flora.insure\/fr\/wp-json\/wp\/v2\/tags?post=17404"}],"curies":[{"name":"wp","href":"https:\/\/api.w.org\/{rel}","templated":true}]}}