{"id":17182,"date":"2023-02-13T11:38:48","date_gmt":"2023-02-13T10:38:48","guid":{"rendered":"https:\/\/flora.insure\/?p=17182"},"modified":"2025-06-18T09:51:53","modified_gmt":"2025-06-18T07:51:53","slug":"resiliation-bail-locataire","status":"publish","type":"post","link":"https:\/\/flora.insure\/fr\/blog\/resiliation-bail-locataire\/","title":{"rendered":"Comment un locataire peut-il r\u00e9silier son bail de location ?"},"content":{"rendered":"<p>En Belgique, tu as le droit d\u2019entamer la r\u00e9siliation de bail en tant que locataire, quelle qu\u2019en soit la raison. Un changement pro, une rupture, ou tout simplement une envie de renouveau \ud83c\udf31 : tu n\u2019as pas \u00e0 te justifier. Mais attention, m\u00eame si <strong data-start=\"1174\" data-end=\"1219\">la r\u00e9siliation d\u2019un bail par le locataire<\/strong> est tout \u00e0 fait l\u00e9gale en Belgique, elle ob\u00e9it \u00e0 certaines r\u00e8gles. Pr\u00e9avis, lettre recommand\u00e9e, indemnit\u00e9s&#8230; Voici <strong data-start=\"1336\" data-end=\"1393\">comment r\u00e9silier un bail de location par le locataire<\/strong>, \u00e9tape par \u00e9tape.<\/p>\n<h2><strong>Comment r\u00e9silier un bail de location en Belgique\u00a0? <\/strong><\/h2>\n<h3><strong>R\u00e9siliation du contrat de bail par le locataire <\/strong><\/h3>\n<p>En Belgique, un locataire peut proc\u00e9der \u00e0 la <strong data-start=\"374\" data-end=\"411\"><a href=\"https:\/\/flora.insure\/fr\/blog\/quitter-logement\/\">r\u00e9siliation<\/a> de son bail locatif,<\/strong>\u00a0sans avoir \u00e0 justifier un motif particulier.<\/p>\n<p data-start=\"473\" data-end=\"501\">Voici comment proc\u00e9der :<\/p>\n<h4>D\u00e9lai de pr\u00e9avis :<\/h4>\n<p data-start=\"528\" data-end=\"639\">En tant que locataire, tu dois respecter un <strong>d\u00e9lai de pr\u00e9avis<\/strong> de <strong data-start=\"592\" data-end=\"602\">3 mois<\/strong> avant la date d\u2019\u00e9ch\u00e9ance du contrat.<\/p>\n<h4>Les \u00e9tapes \u00e0 suivre :<\/h4>\n<ul>\n<li data-start=\"669\" data-end=\"944\">Notifier le propri\u00e9taire :<\/li>\n<\/ul>\n<p>Envoie une <strong><a href=\"https:\/\/www.lebonbail.be\/modeles-de-documents\/resiliation-du-bail-a-l-initiative-du-locataire\" target=\"_blank\" rel=\"noopener\">lettre recommand\u00e9e<\/a><\/strong> avec accus\u00e9 de r\u00e9ception, pr\u00e9cisant clairement la date \u00e0 laquelle tu souhaites que le bail prenne fin.<br data-start=\"834\" data-end=\"837\" \/>Tu peux aussi remettre la lettre en main propre, \u00e0 condition d\u2019obtenir une preuve de r\u00e9ception (r\u00e9c\u00e9piss\u00e9).<\/p>\n<ul>\n<li data-start=\"946\" data-end=\"1185\">Prise d\u2019effet du pr\u00e9avis :<\/li>\n<\/ul>\n<p>Le <strong>pr\u00e9avis<\/strong> d\u00e9bute le premier jour du mois suivant l\u2019envoi de la lettre.<br data-start=\"1050\" data-end=\"1053\" \/>Par exemple, si tu envoies ta lettre de renon le 15 janvier, ton pr\u00e9avis commencera le 1er f\u00e9vrier et prendra fin le 30 avril.<\/p>\n<p data-start=\"1187\" data-end=\"1302\">\u26a0\ufe0f Attention, sans <strong>lettre de r\u00e9siliation<\/strong> envoy\u00e9e correctement, ton bail de location sera automatiquement reconduit.<\/p>\n<p data-start=\"1187\" data-end=\"1302\">\ud83d\udc49 Pour t\u2019aider, t\u00e9l\u00e9charge gratuitement <a href=\"https:\/\/flora.insure\/fr\/blog\/modele-lettre-renon-locataire-belgique\/\">notre mod\u00e8le de lettre recommand\u00e9e<\/a> de r\u00e9siliation de bail par le locataire en Belgique.<\/p>\n<figure class=\"image strchf-type-image regular strchf-size-regular strchf-align-center\"><picture><source srcset=\"https:\/\/flora.insure\/wp-content\/uploads\/2023\/02\/BLOG-image-dans-article-2022-799-x-533-px-1.jpg 1x\" media=\"(max-width: 768px)\" \/><source srcset=\"https:\/\/flora.insure\/wp-content\/uploads\/2023\/02\/BLOG-image-dans-article-2022-799-x-533-px-1.jpg 1x\" media=\"(min-width: 769px)\" \/><img decoding=\"async\" src=\"https:\/\/flora.insure\/wp-content\/uploads\/2023\/02\/BLOG-image-dans-article-2022-799-x-533-px-1.jpg\" alt=\"R\u00e9siliation d'un contrat de bail de location avec des cl\u00e9s, de l'argent et un stylo \" \/><\/picture><\/figure>\n<h3><strong>Rupture du contrat de bail par le propri\u00e9taire <\/strong><\/h3>\n<p>Le <a href=\"https:\/\/flora.insure\/fr\/blog\/contrat-bail-locatif\/\">contrat de bail<\/a> peut \u00eatre r\u00e9sili\u00e9 par<strong> le propri\u00e9taire \ud83d\udc47<\/strong><\/p>\n<p>Il peut <strong>mettre fin <\/strong>au\u00a0bail de location en respectant <strong>un pr\u00e9avis de 3 mois<\/strong> (pour un bail de 3 ans) ou<strong>\u00a0de 6 mois<\/strong> (pour un bail de 9 ans).<\/p>\n<p><strong>Motifs <\/strong>l\u00e9gaux pour la rupture du bail :<\/p>\n<ul>\n<li><strong>Occupation personnelle<\/strong> : Le propri\u00e9taire peut r\u00e9silier le bail s\u2019il souhaite occuper le logement lui-m\u00eame ou y loger un proche (conjoint, enfants, parents) \ud83c\udfe0.<\/li>\n<li><strong>R\u00e9alisation de travaux importants<\/strong> : Ce motif s\u2019applique uniquement aux baux de longue dur\u00e9e (9 ans) \ud83d\udd28.<\/li>\n<\/ul>\n<p>Une r\u00e9siliation<strong> sans motif<\/strong> valable entra\u00eene le paiement d\u2019une <strong>indemnit\u00e9<\/strong> au locataire.<\/p>\n<p>Les conditions de r\u00e9siliation diff\u00e8rent selon la <strong>dur\u00e9e du bail<\/strong>. On t&rsquo;explique tout en d\u00e9tails <a href=\"https:\/\/flora.insure\/fr\/blog\/fin-bail-locatif-preavis-proprietaire-belgique\/\">dans cet article.<\/a><\/p>\n<h2><strong>R\u00e9siliation anticip\u00e9e de bail par le locataire : quelles indemnit\u00e9s de rupture ?<\/strong><\/h2>\n<h3>Bail de location de courte dur\u00e9e (3 ans)<\/h3>\n<p data-start=\"406\" data-end=\"690\">Un bail de courte dur\u00e9e en Belgique correspond g\u00e9n\u00e9ralement \u00e0 un contrat de <strong data-start=\"482\" data-end=\"491\">3 ans<\/strong>. Si tu d\u00e9cides de proc\u00e9der \u00e0 une <strong data-start=\"525\" data-end=\"572\">r\u00e9siliation anticip\u00e9e de ton bail locataire<\/strong>, c\u2019est-\u00e0-dire avant la date anniversaire du contrat, tu es consid\u00e9r\u00e9 comme ayant rompu ton bail de mani\u00e8re <a href=\"https:\/\/flora.insure\/fr\/blog\/rompre-bail-avant-terme-belgique\/\" target=\"_blank\" rel=\"noopener\">anticip\u00e9e<\/a>.<\/p>\n<p data-start=\"692\" data-end=\"809\">Cette rupture anticip\u00e9e entra\u00eene le paiement d\u2019indemnit\u00e9s de rupture, aussi appel\u00e9es <strong data-start=\"777\" data-end=\"805\">indemnit\u00e9s de relocation<\/strong> \ud83d\ude05<\/p>\n<h4 data-start=\"811\" data-end=\"857\">Montant des indemnit\u00e9s selon les r\u00e9gions :<\/h4>\n<ul data-start=\"859\" data-end=\"1159\">\n<li data-start=\"859\" data-end=\"951\">\n<p data-start=\"861\" data-end=\"951\"><strong data-start=\"861\" data-end=\"891\">En Wallonie et \u00e0 <a href=\"https:\/\/flora.insure\/fr\/assurance-habitation\/bruxelles\/\">Bruxelles<\/a><\/strong> : l\u2019indemnit\u00e9 de rupture est \u00e9gale \u00e0 <strong data-start=\"929\" data-end=\"948\">1 mois de loyer<\/strong>.<\/p>\n<\/li>\n<li data-start=\"952\" data-end=\"1159\">\n<p data-start=\"954\" data-end=\"1011\"><strong data-start=\"954\" data-end=\"968\">En Flandre<\/strong>, le montant d\u00e9pend de la dur\u00e9e \u00e9coul\u00e9e :<\/p>\n<ul data-start=\"1014\" data-end=\"1159\">\n<li data-start=\"1014\" data-end=\"1063\">\n<p data-start=\"1016\" data-end=\"1063\">Pendant la 1\u00e8re ann\u00e9e : <strong data-start=\"1040\" data-end=\"1061\">1,5 mois de loyer<\/strong><\/p>\n<\/li>\n<li data-start=\"1066\" data-end=\"1111\">\n<p data-start=\"1068\" data-end=\"1111\">Pendant la 2e ann\u00e9e : <strong data-start=\"1090\" data-end=\"1109\">1 mois de loyer<\/strong><\/p>\n<\/li>\n<li data-start=\"1114\" data-end=\"1159\">\n<p data-start=\"1116\" data-end=\"1159\">Pendant la 3e ann\u00e9e : <strong data-start=\"1138\" data-end=\"1159\">0,5 mois de loyer<\/strong><\/p>\n<\/li>\n<\/ul>\n<\/li>\n<\/ul>\n<h4 data-start=\"1161\" data-end=\"1196\">Comment \u00e9viter ces indemnit\u00e9s ?<\/h4>\n<p data-start=\"1198\" data-end=\"1443\">Bonne nouvelle : il est parfois possible d\u2019\u00e9chapper \u00e0 ces frais\u202f! \ud83e\udd28 Si tu trouves un nouveau locataire pour reprendre ton bail avant la fin du pr\u00e9avis, et que le propri\u00e9taire donne son accord, tu ne seras plus tenu de payer les loyers restants.<\/p>\n<p data-start=\"1445\" data-end=\"1540\">Cette cession de bail repose donc sur un accord entre toi, le nouveau locataire et le bailleur.<\/p>\n<figure class=\"embed strchf-type-embed regular strchf-size-regular strchf-align-center\">\n<div class=\"embed-container\">\n<div style=\"max-width: 100%; position: relative; padding-top: 42.0833%;\"><iframe style=\"border: 0px; position: absolute; top: 0px; left: 0px; width: 100%; height: 100%;\" src=\"https:\/\/giphy.com\/embed\/MTtweCa2zHdyhDyNtP\/twitter\/iframe\" width=\"480\" height=\"202\" frameborder=\"0\" scrolling=\"no\" allowfullscreen=\"allowfullscreen\"><\/iframe><\/div>\n<\/div><figcaption>Sur un malentendu, \u00e7a peut passer&#8230;<\/figcaption><\/figure>\n<h3><strong>Bail de location de longue dur\u00e9e (9 ans)<\/strong><\/h3>\n<p data-start=\"320\" data-end=\"535\">Si tu as sign\u00e9 un <strong data-start=\"338\" data-end=\"374\">bail de location de longue dur\u00e9e<\/strong> \u2014 souvent un contrat de 9 ans, parfois appel\u00e9 \u00ab\u00a0bail 3 6 9\u00a0\u00bb \u2014 les r\u00e8gles d\u2019indemnit\u00e9s en cas de <strong data-start=\"445\" data-end=\"470\">rupture anticip\u00e9e<\/strong> s\u2019appliquent surtout pendant les <strong data-start=\"504\" data-end=\"526\">3 premi\u00e8res ann\u00e9es<\/strong> du bail.<\/p>\n<p data-start=\"537\" data-end=\"593\">Voici les montants des indemnit\u00e9s de rupture \u00e0 pr\u00e9voir :<\/p>\n<ul data-start=\"595\" data-end=\"750\">\n<li data-start=\"595\" data-end=\"664\">\n<p data-start=\"597\" data-end=\"664\"><strong data-start=\"597\" data-end=\"616\">3 mois de loyer<\/strong> si la rupture a lieu durant la 1\u00e8re ann\u00e9e<\/p>\n<\/li>\n<li data-start=\"665\" data-end=\"707\">\n<p data-start=\"667\" data-end=\"707\"><strong data-start=\"667\" data-end=\"686\">2 mois de loyer<\/strong> durant la 2e ann\u00e9e<\/p>\n<\/li>\n<li data-start=\"708\" data-end=\"750\">\n<p data-start=\"710\" data-end=\"750\"><strong data-start=\"710\" data-end=\"729\">1 mois de loyer<\/strong> durant la 3e ann\u00e9e<\/p>\n<\/li>\n<\/ul>\n<p data-start=\"752\" data-end=\"822\">Apr\u00e8s cette p\u00e9riode, tu peux r\u00e9silier ton bail sans payer d\u2019indemnit\u00e9.<\/p>\n<p data-start=\"752\" data-end=\"822\">Dans le cadre d\u2019un <a href=\"https:\/\/www.lebonbail.be\/articles\/la-duree-du-bail-de-residence-principale-le-bail-de-neuf-ans-3-6-9\" target=\"_blank\" rel=\"noopener\"><strong data-start=\"649\" data-end=\"663\">bail 3 6 9<\/strong><\/a>, la <strong data-start=\"694\" data-end=\"726\">r\u00e9siliation par le locataire<\/strong> suit pr\u00e9cis\u00e9ment ces r\u00e8gles d\u2019indemnisation pour la rupture anticip\u00e9e.<\/p>\n<h3><strong>Bail de location de moins de 6\u00a0mois<\/strong><\/h3>\n<p>Tu d\u00e9sires rompre un bail de moins de 6 mois ? Tu devras attendre <strong>la fin de ton contrat<\/strong>.<\/p>\n<figure class=\"image strchf-type-image regular strchf-size-regular strchf-align-center\"><picture><source srcset=\"https:\/\/flora.insure\/wp-content\/uploads\/2023\/02\/BLOG-image-dans-article-2022-799-x-533-px-1-1.jpg 1x\" media=\"(max-width: 768px)\" \/><source srcset=\"https:\/\/flora.insure\/wp-content\/uploads\/2023\/02\/BLOG-image-dans-article-2022-799-x-533-px-1-1.jpg 1x\" media=\"(min-width: 769px)\" \/><img decoding=\"async\" src=\"https:\/\/flora.insure\/wp-content\/uploads\/2023\/02\/BLOG-image-dans-article-2022-799-x-533-px-1-1.jpg\" alt=\"D\u00e9m\u00e9nagement des meubles et des cartons d'un appartement\" \/><\/picture><figcaption>\u00c0 toi la chouette \u00e9tape du <a href=\"https:\/\/flora.insure\/fr\/blog\/demenagement-organiser-pendaison-cremaillere\/\">d\u00e9m\u00e9nagement<\/a> \ud83d\ude9a<\/figcaption><\/figure>\n<p><strong>La rupture d&rsquo;un contrat de bail<\/strong> est r\u00e9glement\u00e9e en Belgique.\u00a0Parmi les nombreuses \u00e9tapes \u00e0 respecter, on peut nommer l\u2019envoi d\u2019une lettre recommand\u00e9e, la dur\u00e9e de pr\u00e9avis, les indemnit\u00e9s de rupture&#8230; <strong>Le locataire<\/strong> et <strong>le propri\u00e9taire<\/strong> sont en droit de <strong>r\u00e9silier leur bail de location<\/strong>, tout en respectant ces normes. Il est donc important de conna\u00eetre la l\u00e9gislation qui entoure <strong>la r\u00e9siliation d&rsquo;un bail par le locataire en Wallonie \ud83d\udd11<\/strong><\/p>\n<p>&nbsp;<\/p>\n","protected":false},"excerpt":{"rendered":"<p>Tu souhaites mettre fin \u00e0 ton bail en Belgique, mais tu ne sais pas comment faire ? La r\u00e9siliation d\u2019un bail par le locataire en Belgique est possible, m\u00eame sans motif, mais elle suit des r\u00e8gles pr\u00e9cises \u00e0 conna\u00eetre pour \u00e9viter les mauvaises surprises. Pr\u00e9avis, indemnit\u00e9s, lettre recommand\u00e9e\u2026 On t\u2019explique tout ce qu\u2019il faut savoir pour r\u00e9ussir ta r\u00e9siliation bail par le locataire en Belgique, \u00e9tape par \u00e9tape.<\/p>\n","protected":false},"author":27,"featured_media":17204,"comment_status":"closed","ping_status":"open","sticky":false,"template":"","format":"standard","meta":{"_acf_changed":false,"_seopress_robots_primary_cat":"none","_seopress_titles_title":"R\u00e9siliation bail locataire : comment mettre fin au contrat ?","_seopress_titles_desc":"R\u00e9siliation bail locataire : quelles r\u00e8gles suivre ? Pr\u00e9avis, lettre recommand\u00e9e, indemnit\u00e9s\u2026 Tout pour mettre fin \u00e0 ton contrat en toute l\u00e9galit\u00e9 en Belgique.","_seopress_robots_index":"","footnotes":""},"categories":[130],"tags":[],"class_list":["post-17182","post","type-post","status-publish","format-standard","has-post-thumbnail","hentry","category-vie-en-location"],"acf":[],"_links":{"self":[{"href":"https:\/\/flora.insure\/fr\/wp-json\/wp\/v2\/posts\/17182","targetHints":{"allow":["GET"]}}],"collection":[{"href":"https:\/\/flora.insure\/fr\/wp-json\/wp\/v2\/posts"}],"about":[{"href":"https:\/\/flora.insure\/fr\/wp-json\/wp\/v2\/types\/post"}],"author":[{"embeddable":true,"href":"https:\/\/flora.insure\/fr\/wp-json\/wp\/v2\/users\/27"}],"replies":[{"embeddable":true,"href":"https:\/\/flora.insure\/fr\/wp-json\/wp\/v2\/comments?post=17182"}],"version-history":[{"count":0,"href":"https:\/\/flora.insure\/fr\/wp-json\/wp\/v2\/posts\/17182\/revisions"}],"wp:featuredmedia":[{"embeddable":true,"href":"https:\/\/flora.insure\/fr\/wp-json\/wp\/v2\/media\/17204"}],"wp:attachment":[{"href":"https:\/\/flora.insure\/fr\/wp-json\/wp\/v2\/media?parent=17182"}],"wp:term":[{"taxonomy":"category","embeddable":true,"href":"https:\/\/flora.insure\/fr\/wp-json\/wp\/v2\/categories?post=17182"},{"taxonomy":"post_tag","embeddable":true,"href":"https:\/\/flora.insure\/fr\/wp-json\/wp\/v2\/tags?post=17182"}],"curies":[{"name":"wp","href":"https:\/\/api.w.org\/{rel}","templated":true}]}}