{"id":15263,"date":"2022-11-14T12:55:25","date_gmt":"2022-11-14T11:55:25","guid":{"rendered":"https:\/\/flora.insure\/blog\/demenager-france-belgique\/"},"modified":"2024-11-19T09:58:42","modified_gmt":"2024-11-19T08:58:42","slug":"demenager-france-belgique","status":"publish","type":"post","link":"https:\/\/flora.insure\/fr\/blog\/demenager-france-belgique\/","title":{"rendered":"D\u00e9m\u00e9nager de France en Belgique : les 5 \u00e9tapes indispensables"},"content":{"rendered":"<p><strong>D\u00e9m\u00e9nager de France en Belgique <\/strong>n\u2019est pas simple. Aaah la Belgique, ce plat pays o\u00f9 le chocolat, les frites et les bi\u00e8res rythment la vie de ses habitants\ud83c\udf6b Chez Flora, 17% de nos clients sont des expatri\u00e9s fran\u00e7ais \ud83c\uddeb\ud83c\uddf7 <strong>Les d\u00e9m\u00e9nagements<\/strong>, \u00e7a nous conna\u00eet ! D\u00e9couvre les 5 \u00e9tapes indispensables pour pr\u00e9parer ton arriv\u00e9e en Belgique.<\/p>\n<h2 id=\"ea3c0\"><strong>D\u00e9m\u00e9nager de France en Belgique #1 : Choisir sa ville, une fois\u2026<\/strong><\/h2>\n<p>Adieu les montages, la M\u00e9diterran\u00e9e et les petits villages pittoresques \ud83d\uddfb<\/p>\n<p>Bienvenue dans le pays o\u00f9 le point culminant n\u2019est autre qu\u2019une petite colline dans les Ardennes \ud83c\udde7\ud83c\uddea<\/p>\n<p>\u00c7a y est, tu es d\u00e9cid\u00e9. Tes valises sont presque finies.<\/p>\n<p>Premi\u00e8re \u00e9tape : tu dois choisir <strong>la ville dans laquelle tu d\u00e9sires vivre<\/strong>. La Belgique regorge de villes et villages pr\u00eats \u00e0 t\u2019accueillir les bras ouverts \ud83e\udd1d<\/p>\n<figure class=\"embed strchf-type-embed regular strchf-size-regular strchf-align-center\">\n<div class=\"embed-container\">\n<div style=\"max-width: 100%; position: relative; padding-top: 56.1702%;\"><iframe style=\"border: 0px; position: absolute; top: 0px; left: 0px; width: 100%; height: 100%;\" src=\"https:\/\/giphy.com\/embed\/hd7ACMLfFEW5zkFpoD\/twitter\/iframe\" width=\"470\" height=\"264\" frameborder=\"0\" scrolling=\"no\" allowfullscreen=\"allowfullscreen\"><\/iframe><\/div>\n<\/div><figcaption>Bonjour l\u2019ami<\/figcaption><\/figure>\n<h3 id=\"2mtcd\"><strong>La Wallonie<\/strong><\/h3>\n<p>En Wallonie, on retrouve notamment la ville de <strong>Mons<\/strong>, de <strong>Namur<\/strong> ou de <strong>Li\u00e8ge<\/strong>.<\/p>\n<p>Ces grandes villes offrent un avantage g\u00e9ographique int\u00e9ressant, ainsi que tous les avantages des villes principales.<\/p>\n<p>Le folklore montois et li\u00e9geois sont \u00e9galement un atout qui peut faire pencher la balance. Tu pourras profiter du <strong>15-ao\u00fbt \u00e0 Li\u00e8ge<\/strong>, ainsi que du <strong>Doudou \u00e0 Mons<\/strong> \ud83d\udc09<\/p>\n<p>\u00c0 Li\u00e8ge, on retrouve une grande communaut\u00e9 de Fran\u00e7ais. On y f\u00eate m\u00eame le 14 juillet ! \ud83c\uddeb\ud83c\uddf7<\/p>\n<h3 id=\"1e9tt\"><strong>Bruxelles<\/strong><\/h3>\n<p>La <strong>destination principale<\/strong> pour les <strong>expatri\u00e9s fran\u00e7ais<\/strong> reste encore et toujours<strong> <a href=\"https:\/\/flora.insure\/fr\/assurance-habitation\/bruxelles\/\">Bruxelles<\/a>.<\/strong><\/p>\n<p>Capitale de la Belgique et de l\u2019Europe, <strong>Bruxelles<\/strong> est la plaque tournante du tourisme et de la culture.<\/p>\n<p>Tu pourras t\u2019arr\u00eater pour te prendre une petite frite sur le chemin vers Manneken-Pis et la Grand Place \ud83c\udf5f<\/p>\n<p>Quels <strong>quartiers bruxellois<\/strong> sont les pr\u00e9f\u00e9r\u00e9s des Fran\u00e7ais ?<\/p>\n<p>Dans le top 3, on retrouve <strong>Ixelles<\/strong>, <strong>Uccle<\/strong> ainsi que <strong>Saint-Gilles<\/strong>.<\/p>\n<p>Proches du centre, ils cachent de nombreux quartiers o\u00f9 la vie bat son plein ! Tu pourras y retrouver des lieux culturels, ainsi que des bars o\u00f9 tu passeras des soir\u00e9es avec tes colocataires.<\/p>\n<h3 id=\"feeum\"><strong>La Flandre<\/strong><\/h3>\n<p>En Flandre, les <strong>villes pr\u00e9f\u00e9r\u00e9es<\/strong> des <strong>expatri\u00e9s<\/strong> sont <strong>Gand <\/strong>et <strong>Anvers<\/strong>. La qualit\u00e9 de vie y est agr\u00e9able.<\/p>\n<p>Travailler et vivre en Flandre offre de nombreux avantages, notamment en terme d\u2019\u00e9ducation et de sant\u00e9. Ces villes sont proches de la Mer du Nord, un argument de taille pour tous ceux qui pr\u00e9f\u00e8rent l\u2019air iod\u00e9 de la mer \ud83c\udf0a<\/p>\n<p>Attention, la langue officielle de la Flandre est le flamand, un dialecte du n\u00e9erlandais. Mais, rappelons que la majorit\u00e9 des flamands peuvent comprendre et communiquer en <strong>fran\u00e7ais \ud83c\udde7\ud83c\uddea<\/strong><\/p>\n<figure class=\"embed strchf-type-embed regular strchf-size-regular strchf-align-center\">\n<div class=\"embed-container\">\n<div style=\"max-width: 100%; position: relative; padding-top: 56.25%;\"><iframe style=\"border: 0px; position: absolute; top: 0px; left: 0px; width: 100%; height: 100%;\" src=\"https:\/\/giphy.com\/embed\/sDrxQ4x856wwhfrGjt\/twitter\/iframe\" width=\"480\" height=\"270\" frameborder=\"0\" scrolling=\"no\" allowfullscreen=\"allowfullscreen\"><\/iframe><\/div>\n<\/div><figcaption>FYI, \u00e7a veut dire \u201cJe t\u2019aime\u201d \ud83e\udef6<\/figcaption><\/figure>\n<h2 id=\"4s9m4\"><strong>D\u00e9m\u00e9nager de France en Belgique #2 : Trouver un logement<\/strong><\/h2>\n<p><strong>D\u00e9m\u00e9nager dans une ville en Belgique<\/strong>, ok ! Mais j\u2019emm\u00e9nage o\u00f9, moi ? \ud83e\udd14<\/p>\n<p>Deux choix s\u2019offrent \u00e0 toi : <strong>la location<\/strong> ou <strong>la <a href=\"https:\/\/flora.insure\/fr\/blog\/colocation-etapes-obligatoires-installer-regles-de-art\/\">colocation<\/a><\/strong>.<\/p>\n<p>En Belgique, 60% des jeunes sont pr\u00eats \u00e0 <strong>se mettre en colocation \ud83c\udfe0<\/strong><\/p>\n<p>La raison ? Tout d\u2019abord, la coloc\u2019 permet de r\u00e9aliser des \u00e9conomies sur ton loyer. En partageant les frais, les d\u00e9penses sont vues \u00e0 la baisse. \ud83d\udcb8<\/p>\n<p>La colocation est aussi <strong>id\u00e9ale pour les expatri\u00e9s<\/strong>. Elle permet de faire facilement des rencontres et de ne pas souffrir de mal du pays.<\/p>\n<p>Mais la colocation n\u2019est pas faite pour tout le monde !<\/p>\n<p><strong>La location<\/strong> est alors la solution.<\/p>\n<p>Tu souhaites <strong><a href=\"https:\/\/flora.insure\/fr\/blog\/comment-trouver-colocation\/\">trouver une colocation<\/a><\/strong> sans te d\u00e9placer ? De nombreux sites te proposent de trouver la coloc\u2019 de tes r\u00eaves depuis ton canap\u00e9 : Appartager, La carte des colocs, Roomlala ou encore les groupes Facebook \ud83d\udcbb<\/p>\n<p>Et pour <strong>un logement \u00e0 louer <\/strong>? Tu peux trouver un appart\u2019 sur Immoweb, Zimmo ou encore Immovlan.<\/p>\n<figure class=\"image strchf-type-image regular strchf-size-regular strchf-align-center\"><picture><source srcset=\"https:\/\/flora.insure\/wp-content\/uploads\/2022\/11\/DemenagementFranceBelgique_7805135a1618d61fbf0e6352f996918e_800.jpg 1x\" media=\"(max-width: 768px)\" \/><source srcset=\"https:\/\/flora.insure\/wp-content\/uploads\/2022\/11\/DemenagementFranceBelgique_7805135a1618d61fbf0e6352f996918e_800.jpg 1x\" media=\"(min-width: 769px)\" \/><img decoding=\"async\" src=\"https:\/\/flora.insure\/wp-content\/uploads\/2022\/11\/DemenagementFranceBelgique_7805135a1618d61fbf0e6352f996918e_800.jpg\" alt=\"Les colocataires aident \u00e0 d\u00e9m\u00e9nager les cartons de la colocataire qui d\u00e9m\u00e9nage de france en belgique\" \/><\/picture><figcaption>Une colocation, \u00e7a veut aussi dire plus de mains pour d\u00e9m\u00e9nager tes cartons \ud83d\udce6<\/figcaption><\/figure>\n<h2 id=\"1r131\"><strong>D\u00e9m\u00e9nager de France en Belgique #3 : Souscrire une assurance habitation, un must !<\/strong><\/h2>\n<p>Avant d\u2019emballer tes cartons pour <a href=\"https:\/\/flora.insure\/fr\/blog\/demenagement-changer-assurance-habitation\/\"><strong>d\u00e9m\u00e9nager en Belgique<\/strong><\/a>, n\u2019oublie pas de prendre une assurance (co)locataire ! Une quoi ? \ud83e\udd28<\/p>\n<p>Tu dois savoir que <strong>l\u2019assurance habitation<\/strong>, en tant que locataire et colocataire, est obligatoire en Wallonie et \u00e0 Bruxelles.<\/p>\n<p>Qu\u2019est-ce que cela signifie ? \ud83d\udc47<\/p>\n<p>En tant que locataire ou colocataire, tu dois obligatoirement prendre <strong>une assurance qui couvre le b\u00e2timent<\/strong> en cas de sinistre \ud83d\udd25<\/p>\n<p>Imaginons que, par m\u00e9garde, tu laisses couler l\u2019eau de ton bain et que tu ab\u00eemes le parquet. Ton assurance prendra en charge ce sinistre.<\/p>\n<p>Attention, l\u2019obligation d\u2019assurer ton logement ne concerne que le b\u00e2timent. Tes meubles ne sont couverts seulement si tu souscris <strong>une <a href=\"https:\/\/flora.insure\/fr\/assurance-locataire\/\">assurance locataire<\/a> \u00ab D\u00e9g\u00e2ts au contenu \u00bb \ud83d\udecb<\/strong><\/p>\n<p>\u00c0 Bruxelles, pas d\u2019obligation de s\u2019assurer. Mais, dans la majorit\u00e9 des cas, les propri\u00e9taires r\u00e9clament <strong>une <a href=\"https:\/\/flora.insure\/fr\/assurance-habitation\/\">assurance habitation<\/a><\/strong>. Celle-ci doit imp\u00e9rativement figurer dans <strong>le <a href=\"https:\/\/flora.insure\/fr\/blog\/contrat-bail-locatif\/\">contrat de bail<\/a><\/strong>.<\/p>\n<h2 id=\"1s6l8\"><strong>D\u00e9m\u00e9nager de France en Belgique #4 : Entreprendre les d\u00e9marches administratives<\/strong><\/h2>\n<p>Le <a href=\"https:\/\/flora.insure\/fr\/blog\/demenagement-organiser-pendaison-cremaillere\/\">d\u00e9m\u00e9nagement<\/a> en Belgique approche \u00e0 grand pas. Vient alors la merveilleuse \u00e9tape de <strong>l\u2019administration.<\/strong> Selon ton cas, tu devras te renseigner sur diff\u00e9rents aspects \ud83d\uddc2<\/p>\n<p>Quels fournisseurs choisir ? Comment fonctionne la s\u00e9curit\u00e9 sociale ? Quelles sont les r\u00e8gles fiscales en Belgique ? Comment faire pour travailler en Belgique ? Puis-je y \u00e9tablir ma r\u00e9sidence principale ? Comment dois-je d\u00e9poser <a href=\"https:\/\/flora.insure\/fr\/dictionnaire-assurance\/#garantie-locative\">ma garantie locative<\/a> ?<\/p>\n<p>Pour en savoir plus, <strong>le gouvernement belge<\/strong> propose <a href=\"https:\/\/www.belgium.be\/fr\/logement\/demenagement\/vers_la_belgique\" target=\"_blank\" rel=\"noopener noreferrer\">une plateforme<\/a> qui r\u00e9pondra \u00e0 toutes tes questions.<\/p>\n<figure class=\"embed strchf-type-embed regular strchf-size-regular strchf-align-center\">\n<div class=\"embed-container\">\n<div style=\"max-width: 100%; position: relative; padding-top: 76.5714%;\"><iframe style=\"border: 0px; position: absolute; top: 0px; left: 0px; width: 100%; height: 100%;\" src=\"https:\/\/giphy.com\/embed\/yUrUb9fYz6x7a\/twitter\/iframe\" width=\"350\" height=\"268\" frameborder=\"0\" scrolling=\"no\" allowfullscreen=\"allowfullscreen\"><\/iframe><\/div>\n<\/div><figcaption>La phobie administrative, on conna\u00eet&#8230;<\/figcaption><\/figure>\n<h2 id=\"1kll2\"><strong>D\u00e9m\u00e9nager de France en Belgique #5 : Partir sans prise de t\u00eate !<\/strong><\/h2>\n<p>L\u2019\u00e9tape finale est enfin arriv\u00e9e. Tu as surv\u00e9cu aux nombreuses \u00e9tapes administratives. Tu n\u2019as qu\u2019une h\u00e2te : t&rsquo;installer dans ton nouveau chez-toi \u00e0 l&rsquo;\u00e9tranger \ud83e\uddf3<\/p>\n<p><strong>Le d\u00e9m\u00e9nagement entre la France et la Belgique<\/strong> est une \u00e9tape importante.<\/p>\n<p>Il est essentiel de le pr\u00e9parer afin que tout se passe correctement. Tu peux d\u00e9cider de le faire toi-m\u00eame accompagn\u00e9 de tes proches ou de faire appel \u00e0 des d\u00e9m\u00e9nageurs \ud83d\ude9a<\/p>\n<h3 id=\"4304p\"><strong>Avant ton d\u00e9m\u00e9nagement<\/strong><\/h3>\n<ul>\n<li>Avant de faire tes cartons, c\u2019est le moment de faire <strong>un grand tri<\/strong>. Ne prends que l\u2019essentiel ;<\/li>\n<li>Tu dois v\u00e9rifier que tout est <strong>en ordre<\/strong> : contrat d\u2019\u00e9nergie, <a href=\"https:\/\/flora.insure\/fr\/blog\/lexique-assurances\/\">garantie locative<\/a>, contact avec le propri\u00e9taire, etc<\/li>\n<\/ul>\n<h3 id=\"7k8kb\"><strong>Lors de ton d\u00e9m\u00e9nagement<\/strong><\/h3>\n<ul>\n<li>Tu devras r\u00e9aliser <strong>un \u00e9tat des lieux d\u2019entr\u00e9e<\/strong>. Celui-ci d\u00e9termine l\u2019\u00e9tat de ton logement avant ton arriv\u00e9e. Il permet de te prot\u00e9ger et de conserver ta garantie locative en cas de d\u00e9g\u00e2ts ant\u00e9rieurs \u00e0 ton arriv\u00e9e.<\/li>\n<li>Tu devras v\u00e9rifier que <strong>ta check-list <\/strong>est respect\u00e9e. Au plus tu seras pr\u00e9par\u00e9, au mieux se passer ton d\u00e9m\u00e9nagement.<\/li>\n<\/ul>\n<h3 id=\"e5575\"><strong>Apr\u00e8s ton d\u00e9m\u00e9nagement<\/strong><\/h3>\n<ul>\n<li>Tu peux organiser <strong>ta pendaison de cr\u00e9maill\u00e8re<\/strong>. Chez Flora, on te propose <a href=\"https:\/\/flora.insure\/fr\/blog\/demenagement-organiser-pendaison-cremaillere\/\">tous nos conseils pour une cr\u00e9maill\u00e8re r\u00e9ussie<\/a><\/li>\n<\/ul>\n<figure class=\"image strchf-type-image regular strchf-size-regular strchf-align-center\"><picture><source srcset=\"https:\/\/flora.insure\/wp-content\/uploads\/2022\/11\/RueDrapeauxBelgique_345fd719650c27024fdae964892c5573_800.jpg 1x\" media=\"(max-width: 768px)\" \/><source srcset=\"https:\/\/flora.insure\/wp-content\/uploads\/2022\/11\/RueDrapeauxBelgique_345fd719650c27024fdae964892c5573_800.jpg 1x\" media=\"(min-width: 769px)\" \/><img decoding=\"async\" src=\"https:\/\/flora.insure\/wp-content\/uploads\/2022\/11\/RueDrapeauxBelgique_345fd719650c27024fdae964892c5573_800.jpg\" alt=\"Rue avec des drapeaux de la Belgique accroch\u00e9s aux fa\u00e7ades\" \/><\/picture><figcaption>Allez, tu vas pouvoir enfin \u201cguindailler\u201d et boire une petite \u201cchope\u201d<\/figcaption><\/figure>\n<p>Bienvenue en Belgique ! Tu fais enfin partie de l\u2019\u00e9lite qui dit septante au lieu de soixante-dix \ud83c\udde7\ud83c\uddea<\/p>\n<p>Ces 5 \u00e9tapes sont donc indispensables pour une arriv\u00e9e aux petits oignons.<\/p>\n<p>De ta location \u00e0 ton \u00e9tat des lieux, on te propose de nombreux autres articles pour <strong>pr\u00e9parer ton arriv\u00e9e en Belgique<\/strong>.<\/p>\n<p>Avec Flora, vous pouvez <strong>d\u00e9m\u00e9nager de France en Belgique<\/strong> sans prise de t\u00eate !<\/p>\n<p><!-- strchf script --><script>if(window.strchfSettings === undefined) window.strchfSettings = {};window.strchfSettings.stats = {url: \"https:\/\/flora.storychief.io\/fr\/demenager-france-belgique?id=164739006&type=2\",title: \"D\u00e9m\u00e9nager de France en Belgique : les 5 \u00e9tapes indispensables\",id: \"9c0492cc-e256-44b8-852d-57b94f5c05f2\"};(function(d, s, id) {var js, sjs = d.getElementsByTagName(s)[0];if (d.getElementById(id)) {window.strchf.update(); return;}js = d.createElement(s); js.id = id;js.src = \"https:\/\/d37oebn0w9ir6a.cloudfront.net\/scripts\/v0\/strchf.js\";js.async = true;sjs.parentNode.insertBefore(js, sjs);}(document, 'script', 'storychief-jssdk'))<\/script><!-- End strchf script --><\/p>\n","protected":false},"excerpt":{"rendered":"<p>Tu comptes d\u00e9m\u00e9nager de France en Belgique ? D\u00e9couvre les 5 \u00e9tapes indispensables avant d&#8217;emm\u00e9nager \ud83c\udde7\ud83c\uddea<\/p>\n","protected":false},"author":27,"featured_media":15354,"comment_status":"closed","ping_status":"open","sticky":false,"template":"","format":"standard","meta":{"_acf_changed":false,"_seopress_robots_primary_cat":"none","_seopress_titles_title":"D\u00e9m\u00e9nager de France en Belgique : les 5 \u00e9tapes indispensables","_seopress_titles_desc":"Comment d\u00e9m\u00e9nager de France en Belgique ? Quelles sont les \u00e9tapes et les conseils pour un d\u00e9m\u00e9nagement r\u00e9ussi ? D\u00e9couvre nos conseils d\u00e9m\u00e9nagement","_seopress_robots_index":"","footnotes":""},"categories":[135],"tags":[],"class_list":["post-15263","post","type-post","status-publish","format-standard","has-post-thumbnail","hentry","category-demenagement"],"acf":[],"_links":{"self":[{"href":"https:\/\/flora.insure\/fr\/wp-json\/wp\/v2\/posts\/15263","targetHints":{"allow":["GET"]}}],"collection":[{"href":"https:\/\/flora.insure\/fr\/wp-json\/wp\/v2\/posts"}],"about":[{"href":"https:\/\/flora.insure\/fr\/wp-json\/wp\/v2\/types\/post"}],"author":[{"embeddable":true,"href":"https:\/\/flora.insure\/fr\/wp-json\/wp\/v2\/users\/27"}],"replies":[{"embeddable":true,"href":"https:\/\/flora.insure\/fr\/wp-json\/wp\/v2\/comments?post=15263"}],"version-history":[{"count":0,"href":"https:\/\/flora.insure\/fr\/wp-json\/wp\/v2\/posts\/15263\/revisions"}],"wp:featuredmedia":[{"embeddable":true,"href":"https:\/\/flora.insure\/fr\/wp-json\/wp\/v2\/media\/15354"}],"wp:attachment":[{"href":"https:\/\/flora.insure\/fr\/wp-json\/wp\/v2\/media?parent=15263"}],"wp:term":[{"taxonomy":"category","embeddable":true,"href":"https:\/\/flora.insure\/fr\/wp-json\/wp\/v2\/categories?post=15263"},{"taxonomy":"post_tag","embeddable":true,"href":"https:\/\/flora.insure\/fr\/wp-json\/wp\/v2\/tags?post=15263"}],"curies":[{"name":"wp","href":"https:\/\/api.w.org\/{rel}","templated":true}]}}