{"id":11254,"date":"2022-08-08T13:35:58","date_gmt":"2022-08-08T11:35:58","guid":{"rendered":"https:\/\/flora.insure\/blog\/obligations-proprietaire\/"},"modified":"2024-07-23T09:29:49","modified_gmt":"2024-07-23T07:29:49","slug":"obligations-proprietaire","status":"publish","type":"post","link":"https:\/\/flora.insure\/fr\/blog\/obligations-proprietaire\/","title":{"rendered":"9 obligations du propri\u00e9taire vis-\u00e0-vis du locataire en Belgique"},"content":{"rendered":"<p>Si la plupart des proprios sont assez r\u00e9glos, c\u2019est utile de conna\u00eetre les principales <strong>obligations d\u2019un propri\u00e9taire vis-\u00e0-vis de son locataire<\/strong> en Belgique. De l\u2019enregistrement du <a href=\"https:\/\/flora.insure\/fr\/blog\/contrat-bail-locatif\/\">contrat de bail<\/a> aux r\u00e8gles en mati\u00e8re d\u2019augmentation du loyer&#8230; sois compl\u00e8tement <em>aware<\/em> des devoirs de ton bailleur. \ud83d\ude0e<\/p>\n<h2 id=\"dqdvg\"><strong>1. Un contrat de bail conforme<\/strong><\/h2>\n<p>Qu\u2019est-ce qui doit y figurer\u00a0? Flora a r\u00e9dig\u00e9 un blog d\u00e9taill\u00e9 <a href=\"https:\/\/flora.insure\/fr\/blog\/contrat-bail-locatif\/\">sur tout ce qu\u2019il faut savoir sur le contrat de bail<\/a>. \ud83e\uddd0<\/p>\n<p>Le contrat de bail mentionnera notamment l\u2019<strong>obligation pour le locataire de prendre une <a href=\"https:\/\/flora.insure\/fr\/dictionnaire-assurance\/#assurance-incendie\">assurance incendie<\/a><\/strong>. Eh oui, le proprio peut l\u2019imposer, m\u00eame en R\u00e9gion bruxelloise o\u00f9 cette assurance n\u2019est pourtant pas obligatoire. Le propri\u00e9taire demandera alors au locataire de lui soumettre une preuve de souscription d\u2019assurance. (Pssst\u00a0: cette preuve peut \u00eatre g\u00e9n\u00e9r\u00e9e en quelques clics depuis l\u2019app Flora et envoy\u00e9e directement au proprio\u00a0\ud83d\ude09).<\/p>\n<p>Dans de rares cas, le bailleur te dira peut-\u00eatre qu\u2019il a pr\u00e9vu une clause d\u2019abandon de recours dans sa propre <a href=\"https:\/\/flora.insure\/fr\/assurance-incendie-locative\/\">assurance incendie<\/a>, et que tu ne dois donc pas prendre d\u2019assurance locataire. Mais primo \ud83d\udc46, elle est de toute fa\u00e7on obligatoire en Wallonie et en Flandre. Et deuzio\u00a0\u270c\ufe0f : on te le d\u00e9conseille. D\u00e9couvre dans cet autre blog <a href=\"https:\/\/flora.insure\/fr\/blog\/assurance-habitation-locataires-clause-abandon-recours-what\/\">pourquoi ce n\u2019est vraiment pas une bonne id\u00e9e de compter sur cette clause d\u2019abandon de recours<\/a>.<\/p>\n<h2 id=\"8rhll\"><strong>2. Enregistrer le contrat de bail<\/strong><\/h2>\n<p>En Belgique, l\u2019<strong>enregistrement du contrat de bail<\/strong> fait partie des obligations du propri\u00e9taire. Ce que tu risques si le propri\u00e9taire n\u2019a pas enregistr\u00e9 le bail\u00a0? Un exemple\u00a0: si le propri\u00e9taire vend son bien et que tu y habites depuis moins de six mois, le nouvel acqu\u00e9reur peut en principe r\u00e9silier le bail du jour au lendemain. Oups\u2026 \ud83d\ude28<\/p>\n<p>Par contre, note pour les \u2018petits malins\u2019\u00a0\ud83d\ude07\u00a0: ce n\u2019est pas parce qu\u2019un bail n\u2019est pas enregistr\u00e9 qu\u2019il n\u2019est pas valide. Le non-enregistrement ne justifie donc en aucun cas que tu cesses de payer le loyer ou que tu r\u00e9silies le contrat sans respecter les <a href=\"https:\/\/flora.insure\/fr\/dictionnaire-assurance\/#resiliation\">r\u00e8gles de r\u00e9siliation<\/a>.<\/p>\n<figure class=\"embed strchf-type-embed regular strchf-size-regular strchf-align-center\">\n<div class=\"embed-container\">\n<div style=\"max-width: 100%; position: relative; padding-top: 75%;\"><iframe style=\"border: 0px; position: absolute; top: 0px; left: 0px; width: 100%; height: 100%;\" src=\"https:\/\/giphy.com\/embed\/l3nSxBDg5obIiU9Ko\/twitter\/iframe\" width=\"480\" height=\"360\" frameborder=\"0\" scrolling=\"no\" allowfullscreen=\"allowfullscreen\"><\/iframe><\/div>\n<\/div><figcaption>Est-ce que j\u2019ai une t\u00eate \u00e0 trouver une excuse pour ne pas payer mon loyer ?<\/figcaption><\/figure>\n<h2 id=\"b2m92\"><strong>3. \u00c9tat des lieux<\/strong><\/h2>\n<p>L\u2019<a href=\"https:\/\/flora.insure\/fr\/dictionnaire-assurance\/#etat-des-lieux\">\u00e9tat des lieux<\/a> est un <strong>document obligatoire<\/strong> en annexe de ton contrat de bail. Il <strong>d\u00e9crit l\u2019\u00e9tat du bien lou\u00e9<\/strong> et doit \u00eatre sign\u00e9 par le locataire et le propri\u00e9taire. Il doit \u00eatre fait au plus tard \u00e0 la fin du premier mois dans ta nouvelle habitation et enregistr\u00e9 avec le contrat de bail : \u00e7a fait partie des obligations de ton propri\u00e9taire ! Au moment o\u00f9 tu quitteras ton logement, il y aura bien s\u00fbr un <strong>\u00e9tat des lieux de sortie<\/strong>. Et si tout est en ordre, tu pourras r\u00e9cup\u00e9rer la totalit\u00e9 de ta <a href=\"https:\/\/flora.insure\/fr\/dictionnaire-assurance\/#garantie-locative\">garantie locative<\/a>. \ud83d\udcb0<\/p>\n<p>Pas trop \u00e0 l\u2019aise avec ton \u00e9tat des lieux\u00a0? Ce blog t\u2019explique <a href=\"https:\/\/flora.insure\/fr\/blog\/etat-des-lieux-la-check-list-ultime-pour-bien-se-preparer\/\">comment se passe un \u00e9tat des lieux\u00a0et \u00e0 quoi il faire attention<\/a>.<\/p>\n<h2 id=\"dephp\"><strong>4. Certificat PEB\/EPC<\/strong><\/h2>\n<p>Dans toutes les r\u00e9gions du pays, le propri\u00e9taire doit pouvoir fournir au locataire <strong>un certificat de performance \u00e9nerg\u00e9tique<\/strong> du b\u00e2timent. Il doit le faire dans les deux mois \u00e0 compter de la date de signature du bail.<\/p>\n<p>\ud83d\udc49 En <a href=\"https:\/\/energie.wallonie.be\/fr\/certification-peb.html?IDC=7506\">Wallonie<\/a> et \u00e0 <a href=\"https:\/\/environnement.brussels\/thematiques\/batiment-et-energie\/obligations\/la-performance-energetique-des-batiments-peb\/le-certificat-peb#:~:text=Le%20certificat%20PEB%20offre%20une,(r%C3%A9sidentielle%20ou%20non%20r%C3%A9sidentielle)\">Bruxelles<\/a>\u00a0: certificat PEB<br \/>\n\ud83d\udc49 En <a href=\"https:\/\/www.vlaanderen.be\/energieprestatiecertificaat-epc-bij-verkoop-of-verhuur-van-een-woning\">Flandre<\/a>\u00a0: certificat EPC<\/p>\n<p>Ces certificats, valables 10 ans, donnent au b\u00e2timent un label de A \u00e0 G (Flandre\u00a0: A \u00e0 F). La classification est d\u00e9cid\u00e9e notamment en fonction du degr\u00e9 d\u2019isolation du b\u00e2timent et des performances des syst\u00e8mes de chauffage et de ventilation. Il te donne donc une id\u00e9e de ce que va repr\u00e9senter ta facture de chauffage.<\/p>\n<p>Scoop\u00a0: tr\u00e8s peu de b\u00e2timents sont class\u00e9s \u2018A\u2019. En dehors des constructions r\u00e9centes, les immeubles belges sont plut\u00f4t de vraies passoires. \ud83e\udd26\u200d\u2642\ufe0f Mais les l\u00e9gislations risquent d\u2019\u00e9voluer beaucoup dans les ann\u00e9es \u00e0 venir, et peut-\u00eatre que les obligations du propri\u00e9taire seront modifi\u00e9es dans ce sens \u00e9galement !<\/p>\n<figure class=\"embed strchf-type-embed regular strchf-size-regular strchf-align-center\">\n<div class=\"embed-container\">\n<div style=\"max-width: 100%; position: relative; padding-top: 73.5%;\"><iframe style=\"border: 0px; position: absolute; top: 0px; left: 0px; width: 100%; height: 100%;\" src=\"https:\/\/giphy.com\/embed\/3oriNScTbEzEVoR1Is\/twitter\/iframe\" width=\"400\" height=\"294\" frameborder=\"0\" scrolling=\"no\" allowfullscreen=\"allowfullscreen\"><\/iframe><\/div>\n<\/div><figcaption>Simple vitrage ? C\u2019est bye bye chaleur, et bonjour certificat \u2018G\u2019 ! \ud83d\ude2d<\/figcaption><\/figure>\n<h2 id=\"f2b0o\"><strong>5. Assurance habitation propri\u00e9taire<\/strong><\/h2>\n<p>Si le locataire doit obligatoirement souscrire une <a href=\"https:\/\/flora.insure\/fr\/blog\/assurance-locataire-obligatoire\/\">assurance habitation locataire<\/a>, le propri\u00e9taire est en principe couvert par une <a href=\"https:\/\/flora.insure\/fr\/assurance-habitation\/\">assurance habitation<\/a> propri\u00e9taire.<\/p>\n<p>On dit en principe, parce qu\u2019en fait rien n\u2019oblige l\u00e9galement un propri\u00e9taire \u00e0 \u00eatre assur\u00e9.<\/p>\n<p>Cela ne fait donc pas vraiment partie des obligations du propri\u00e9taire, mais, ceci dit, aucune banque n\u2019accorde un pr\u00eat hypoth\u00e9caire sans que le b\u00e2timent ne soit couvert par une assurance habitation. En pratique, les propri\u00e9taires sont donc presque tous couverts !<\/p>\n<p>L\u2019assurance propri\u00e9taire couvre tous les <strong>dommages qui ne sont pas caus\u00e9s par le locataire<\/strong> : incendie d\u00fb \u00e0 une installation \u00e9lectrique d\u00e9fectueuse, rupture d\u2019une canalisation\u2026 Dans ces cas, c\u2019est au bailleur d\u2019effectuer les r\u00e9parations, en faisant jouer \u00e9ventuellement son assurance.<\/p>\n<h2 id=\"ed120\"><strong>6. Travaux et r\u00e9parations<\/strong><\/h2>\n<p>Pas toujours facile de savoir quels travaux et r\u00e9parations rel\u00e8vent de la responsabilit\u00e9 du propri\u00e9taire, ou quand c\u2019est toi, locataire, qui dois t\u2019en charger.<\/p>\n<p>En gros, le locataire est <a href=\"https:\/\/flora.insure\/fr\/blog\/obligations-locataire-proprietaire\/\">responsable<\/a> de l\u2019entretien r\u00e9gulier et des petites r\u00e9parations, alors que le <strong>propri\u00e9taire <\/strong>prend en charge les<strong> grosses r\u00e9parations<\/strong>.<\/p>\n<p>N\u2019h\u00e9site pas \u00e0 consulter notre blog indiquant <a href=\"https:\/\/flora.insure\/fr\/blog\/payer-frais-locataire-proprietaire\/\">qui doit payer les frais de r\u00e9paration<\/a> pour voir quelles sont les obligations de ton propri\u00e9taire \u00e0 ce sujet, ou encore les listes de travaux pr\u00e9vues par les diff\u00e9rentes r\u00e9gions :<\/p>\n<p>\ud83d\udc49 Pour la <a href=\"http:\/\/lampspw.wallonie.be\/dgo4\/tinymvc\/apps\/logement\/views\/documents\/baux\/fiches\/FR\/liste_non_limitative_des_reparations_locatives.pdf\">Wallonie<\/a><br \/>\n\ud83d\udc49 Pour <a href=\"https:\/\/logement.brussels\/wp-content\/uploads\/2021\/04\/Repartition-des-reparations-et-travaux-dentretien-entre-proprietaire-et-locataire.pdf\">Bruxelles<\/a><br \/>\n\ud83d\udc49 Pour la <a href=\"https:\/\/www.wonenvlaanderen.be\/sites\/wvl\/files\/wysiwyg\/ziezo_brochure_2021_3.pdf\">Flandre<\/a><\/p>\n<p>Bon \u00e0 savoir\u00a0: Flora couvre les d\u00e9g\u00e2ts accidentels suite \u00e0 des petits am\u00e9nagements. Quand tu as abim\u00e9 un mur en le repeignant ou en y accrochant un cadre, par exemple. Pour en savoir plus, consulte <a href=\"https:\/\/flora.insure\/fr\/assurance-locataire\/conditions-generales-assurance-locataire\/\">nos conditions g\u00e9n\u00e9rales<\/a>.<\/p>\n<figure class=\"image strchf-type-image regular strchf-size-regular strchf-align-center\"><picture><source srcset=\"https:\/\/flora.insure\/wp-content\/uploads\/2022\/08\/8_86c95dc75d7ba725a6b0d272275c355a_800.jpg 1x\" media=\"(max-width: 768px)\" \/><source srcset=\"https:\/\/flora.insure\/wp-content\/uploads\/2022\/08\/8_86c95dc75d7ba725a6b0d272275c355a_800.jpg 1x\" media=\"(min-width: 769px)\" \/><img decoding=\"async\" src=\"https:\/\/flora.insure\/wp-content\/uploads\/2022\/08\/8_86c95dc75d7ba725a6b0d272275c355a_800.jpg\" alt=\"une personne en rassure une autre qui s'inqui\u00e8re des frais de r\u00e9paration qu'elle va devoir payer \u00e0 son propri\u00e9taire\" \/><\/picture><figcaption>T\u2019as ruin\u00e9 ton mur en y accrochant ton nouveau macram\u00e9 ? T\u2019inqui\u00e8te, Flora te couvre !<\/figcaption><\/figure>\n<h2 id=\"evdp4\"><strong>7. Un logement salubre<\/strong><\/h2>\n<p>Il y a des soucis d\u2019<a href=\"https:\/\/flora.insure\/fr\/blog\/humidite-proprietaire-locataire\/\">humidit\u00e9<\/a> cons\u00e9quents dans ton logement, les canalisations sont manifestement en mauvais \u00e9tat, ou le syst\u00e8me \u00e9lectrique est plus que douteux\u00a0? L\u00e0, on touche \u00e0 la s\u00e9curit\u00e9 et \u00e0 la salubrit\u00e9 du bien et \u00e7a fait clairement partie des obligations du propri\u00e9taire. Ce n\u2019est pas normal, m\u00eame si ton loyer n\u2019est \u2018pas cher\u2019. \ud83d\ude12<\/p>\n<p>Si le logement est insalubre, \u00e7a veut dire que ton propri\u00e9taire a n\u00e9glig\u00e9 d\u2019y effectuer des <strong>travaux cons\u00e9quents de r\u00e9novation<\/strong>, qui sont <strong>\u00e0 sa charge<\/strong>. Ce que tu peux faire\u00a0:<\/p>\n<p>\ud83d\udce7 <strong>Mettre en demeure le propri\u00e9taire<\/strong>, c\u2019est-\u00e0-dire lui demander officiellement d&rsquo;effectuer les travaux n\u00e9cessaires pour rendre le logement salubre.<br \/>\n\ud83d\udc69\u200d\u2696\ufe0f S\u2019il ne r\u00e9agit pas (favorablement), tu devras t\u2019adresser au <strong>juge de paix<\/strong>.<\/p>\n<p>Pour en savoir plus\u00a0:<\/p>\n<p>\u2705 <a href=\"https:\/\/logement.brussels\/louer\/logement-en-mauvais-etat\/\">Code bruxellois du logement<\/a><br \/>\n\u2705 <a href=\"https:\/\/wallex.wallonie.be\/eli\/arrete\/1999\/02\/11\/1999027185\/1999\/03\/01#:~:text=Au%2Ddel%C3%A0%20de%2010%20occupants,pour%20trois%20personnes%20ou%20plus\">Code wallon du logement<\/a><br \/>\n\u2705 <a href=\"https:\/\/www.wonenvlaanderen.be\/woningkwaliteit#:~:text=De%20wet%20zegt%20dat%20iedereen,van%20veiligheid%2C%20gezondheid%20en%20basiscomfort\">Woningkwaliteitsnormen<\/a> (Flandre)<\/p>\n<figure class=\"embed strchf-type-embed regular strchf-size-regular strchf-align-center\">\n<div class=\"embed-container\">\n<div style=\"max-width: 100%; position: relative; padding-top: 56.326530612244895%;\"><iframe style=\"border: 0px; position: absolute; top: 0px; left: 0px; width: 100%; height: 100%;\" src=\"https:\/\/giphy.com\/embed\/13RNUIRVHff2pi\/twitter\/iframe\" width=\"245\" height=\"138\" frameborder=\"0\" scrolling=\"no\" allowfullscreen=\"allowfullscreen\"><\/iframe><\/div>\n<\/div><figcaption>\u00c7a non plus, c\u2019est pas bon signe\u2026 \ud83d\ude35\u200d\ud83d\udcab<\/figcaption><\/figure>\n<h2 id=\"euqc4\"><strong>8. R\u00e8gles en mati\u00e8re d\u2019augmentation du loyer<\/strong><\/h2>\n<p>Cela ne fait pas partie du devoir du propri\u00e9taire \u00e0 proprement parler, mais c\u2019est un point important \u00e0 mentionner.<\/p>\n<p>La fixation du loyer est libre : le propri\u00e9taire et le locataire se mettent d\u2019accord au moment de la signature du bail, qui doit mentionner le montant du loyer. Le loyer sera index\u00e9 \u2013 donc augment\u00e9 l\u00e9g\u00e8rement &#8211; chaque ann\u00e9e. Cette <strong><a href=\"https:\/\/flora.insure\/fr\/blog\/lexique-assurances\/\">indexation<\/a> l\u00e9gale<\/strong> est calcul\u00e9e sur base de l\u2019\u00e9volution de l\u2019indice sant\u00e9. \ud83d\udcc8<\/p>\n<p>N\u2019h\u00e9site pas \u00e0 <a href=\"https:\/\/statbel.fgov.be\/fr\/themes\/prix-la-consommation\/indexation-du-loyer\">calculer toi-m\u00eame l\u2019indexation de ton loyer<\/a> si tu as des doutes.<\/p>\n<p>En dehors de cette indexation l\u00e9gale, le propri\u00e9taire ne peut en principe imposer aucune autre augmentation, sauf en cas de \u2018prorogation\u2019 du bail, c\u2019est-\u00e0-dire si le bail est prolong\u00e9 \u00e0 ta demande.<\/p>\n<h2 id=\"c279h\"><strong>9. Fin du bail<\/strong><\/h2>\n<p>Un propri\u00e9taire met rarement fin de mani\u00e8re anticip\u00e9e au bail. S\u2019il veut r\u00e9silier le bail, que ce soit de mani\u00e8re anticip\u00e9e ou non d\u2019ailleurs, il devra respecter certaines <strong>r\u00e8gles <\/strong>en fonction du <strong>type de contrat de bail.<\/strong><\/p>\n<h3 id=\"8ciht\">\ud83d\udc49 Baux de courte dur\u00e9e\u00a0(3 ans maximum)\u00a0:<\/h3>\n<ul>\n<li>Pas pendant la premi\u00e8re ann\u00e9e de location ;<\/li>\n<li>Ensuite\u00a0: uniquement pour y loger un membre de sa famille ;<\/li>\n<li>Pr\u00e9avis de 3 mois + indemnit\u00e9 \u00e9quivalant \u00e0 1 mois de loyer ;<\/li>\n<li>Exception\u00a0: en R\u00e9gion bruxelloise, un bail de moins de 6 mois prend automatiquement fin \u00e0 la date de fin du contrat de bail.<\/li>\n<\/ul>\n<h3 id=\"dbfqg\">\ud83d\udc49 Baux de neuf ans\u00a0:<\/h3>\n<ul>\n<li>Uniquement \u00e0 la fin de chaque triennat (donc tous les trois ans) ;<\/li>\n<li>Pr\u00e9avis de 6 mois + indemnit\u00e9 \u00e9quivalant \u00e0 9 mois si le propri\u00e9taire r\u00e9silie le bail \u00e0 la fin du premier triennat, et de 6 mois s\u2019il le fait \u00e0 la fin du deuxi\u00e8me triennat.<\/li>\n<li>Exception\u00a0: s\u2019il met fin au bail pour y loger un membre de sa famille. Le pr\u00e9avis de 6 mois vaut toujours dans ce cas-l\u00e0, mais le propri\u00e9taire ne devra pas payer d\u2019indemnit\u00e9.<\/li>\n<\/ul>\n<p>Comme tu le vois, tu es assez bien prot\u00e9g\u00e9(e) en tant que locataire\u00a0! Et d\u2019ailleurs, n\u2019oublie pas que toi aussi, tu dois respecter certaines r\u00e8gles si tu veux rompre ton bail. \ud83d\ude0f La plus importante\u00a0: envoyer une <strong><a href=\"https:\/\/flora.insure\/fr\/dictionnaire-assurance\/#preavis-lettre-de\">lettre de pr\u00e9avis<\/a><\/strong> \u00e0 temps, m\u00eame si le contrat arrive \u00e0 sa fin.<\/p>\n<p>Tu veux mettre fin \u00e0 ton bail de mani\u00e8re anticip\u00e9e\u00a0?<\/p>\n<p>Voici <a href=\"https:\/\/flora.insure\/fr\/dictionnaire-assurance\/#duree-du-bail\">les r\u00e8gles en fonction de la dur\u00e9e du bail<\/a>.<\/p>\n<p>Malheureusement, certaines circonstances sont difficiles \u00e0 pr\u00e9voir \ud83d\ude1e<\/p>\n<p>C\u2019est pourquoi Flora couvre tes indemnit\u00e9s de rupture anticip\u00e9e dans les trois cas de figure suivants (plus de d\u00e9tails dans les <a href=\"https:\/\/flora.insure\/fr\/assurance-locataire\/conditions-generales-assurance-locataire\/\">conditions g\u00e9n\u00e9rales<\/a>) :<\/p>\n<p>\ud83d\udd4a d\u00e9c\u00e8s d\u2019un des 2 conjoints avant l\u2019\u00e2ge de 75 ans<br \/>\n\ud83d\udc94 <a href=\"https:\/\/flora.insure\/fr\/blog\/divorce-belgique-procedure\/\">divorce<\/a> ou fin d\u2019un contrat de cohabitation l\u00e9gale<br \/>\n\ud83d\udcc3 licenciement d\u2019un contrat CDI ou faillite d\u2019un des 2 conjoints<\/p>\n<h2 id=\"6gm6h\">Tu connais maintenant les obligations de ton propri\u00e9taire : connais-tu les tiennes ?<\/h2>\n<p>Et voil\u00e0, tu sais \u00e0 peu pr\u00e8s tout sur les obligations du propri\u00e9taire vis-\u00e0-vis du locataire en Belgique\u00a0! Et tes propres obligations, tu les connais\u00a0? On t\u2019a fait un topo sur ce sujet-l\u00e0 aussi\u00a0: ce blog te dit tout sur <a href=\"https:\/\/flora.insure\/fr\/blog\/quels-sont-les-droits-et-devoirs-du-locataire\/\">la garantie locative, le devoir d\u2019entretien et l\u2019assurance (co)locataire obligatoire\u00a0<\/a>!<\/p>\n<figure class=\"embed strchf-type-embed regular strchf-size-regular strchf-align-center\">\n<div class=\"embed-container\">\n<div style=\"max-width: 100%; position: relative; padding-top: 70.41666666666667%;\"><iframe style=\"border: 0px; position: absolute; top: 0px; left: 0px; width: 100%; height: 100%;\" src=\"https:\/\/giphy.com\/embed\/kDWPAQBfATe3C\/twitter\/iframe\" width=\"480\" height=\"338\" frameborder=\"0\" scrolling=\"no\" allowfullscreen=\"allowfullscreen\"><\/iframe><\/div>\n<\/div><figcaption>Te voil\u00e0 aussi aware que Jean-Claude\u2026<\/figcaption><\/figure>\n<p><!-- strchf script --><script>if(window.strchfSettings === undefined) window.strchfSettings = {};window.strchfSettings.stats = {url: \"https:\/\/flora.storychief.io\/fr\/obligations-proprietaire?id=580427755&type=2\",title: \"9 obligations du propri\u00e9taire vis-\u00e0-vis du locataire en Belgique\",id: \"9c0492cc-e256-44b8-852d-57b94f5c05f2\"};(function(d, s, id) {var js, sjs = d.getElementsByTagName(s)[0];if (d.getElementById(id)) {window.strchf.update(); return;}js = d.createElement(s); js.id = id;js.src = \"https:\/\/d37oebn0w9ir6a.cloudfront.net\/scripts\/v0\/strchf.js\";js.async = true;sjs.parentNode.insertBefore(js, sjs);}(document, 'script', 'storychief-jssdk'))<\/script><!-- End strchf script --><\/p>\n","protected":false},"excerpt":{"rendered":"<p>En Belgique, il existe certaines obligations que doivent respecter les propri\u00e9taires vis-\u00e0-vis de leur locataire. Voici les 9 principales \u00e0 retenir \ud83d\udca1<\/p>\n","protected":false},"author":4,"featured_media":15666,"comment_status":"open","ping_status":"open","sticky":false,"template":"","format":"standard","meta":{"_acf_changed":false,"_seopress_robots_primary_cat":"none","_seopress_titles_title":"9 obligations du propri\u00e9taire vis-\u00e0-vis du locataire en Belgique ","_seopress_titles_desc":"Connais-tu toutes les obligations de ton propri\u00e9taire ? Contrat de bail, \u00e9tat des lieux, assurances, travaux, augmentation du loyer\u2026 Petit tour d&#039;horizon.","_seopress_robots_index":"","footnotes":""},"categories":[130],"tags":[],"class_list":["post-11254","post","type-post","status-publish","format-standard","has-post-thumbnail","hentry","category-vie-en-location"],"acf":[],"_links":{"self":[{"href":"https:\/\/flora.insure\/fr\/wp-json\/wp\/v2\/posts\/11254","targetHints":{"allow":["GET"]}}],"collection":[{"href":"https:\/\/flora.insure\/fr\/wp-json\/wp\/v2\/posts"}],"about":[{"href":"https:\/\/flora.insure\/fr\/wp-json\/wp\/v2\/types\/post"}],"author":[{"embeddable":true,"href":"https:\/\/flora.insure\/fr\/wp-json\/wp\/v2\/users\/4"}],"replies":[{"embeddable":true,"href":"https:\/\/flora.insure\/fr\/wp-json\/wp\/v2\/comments?post=11254"}],"version-history":[{"count":0,"href":"https:\/\/flora.insure\/fr\/wp-json\/wp\/v2\/posts\/11254\/revisions"}],"wp:featuredmedia":[{"embeddable":true,"href":"https:\/\/flora.insure\/fr\/wp-json\/wp\/v2\/media\/15666"}],"wp:attachment":[{"href":"https:\/\/flora.insure\/fr\/wp-json\/wp\/v2\/media?parent=11254"}],"wp:term":[{"taxonomy":"category","embeddable":true,"href":"https:\/\/flora.insure\/fr\/wp-json\/wp\/v2\/categories?post=11254"},{"taxonomy":"post_tag","embeddable":true,"href":"https:\/\/flora.insure\/fr\/wp-json\/wp\/v2\/tags?post=11254"}],"curies":[{"name":"wp","href":"https:\/\/api.w.org\/{rel}","templated":true}]}}